{"id":2282,"date":"2016-07-03T14:45:47","date_gmt":"2016-07-03T12:45:47","guid":{"rendered":"http:\/\/test.pieszkow.hostilla.pl\/?p=2282"},"modified":"2017-07-19T14:06:01","modified_gmt":"2017-07-19T12:06:01","slug":"archiwum-wiadomosci","status":"publish","type":"post","link":"http:\/\/test.pieszkow.hostilla.pl\/?p=2282","title":{"rendered":"ARCHIWUM WIADOMO\u015aCI"},"content":{"rendered":"<p style=\"text-align: center; font-size: 2em; margin-top: 0px;\"><span style=\"color: #993300;\">***********<\/span><\/p>\n<p style=\"text-align: left;\">31.03.2017<\/p>\n<p style=\"text-align: center;\"><span style=\"text-decoration: underline;\"><strong>DU\u017bE DOFINANSOWANIE NA WYMIAN\u0118 OKIEN W KO\u015aCIELE<br \/>\n<\/strong><\/span><\/p>\n<p style=\"text-align: center;\"><a href=\"http:\/\/test.pieszkow.hostilla.pl\/wp-content\/uploads\/2017\/03\/g\u0142osowanie.jpg\"><img loading=\"lazy\" decoding=\"async\" class=\"alignnone wp-image-3270\" src=\"http:\/\/test.pieszkow.hostilla.pl\/wp-content\/uploads\/2017\/03\/g\u0142osowanie-250x167.jpg\" alt=\"\" width=\"344\" height=\"230\" srcset=\"http:\/\/test.pieszkow.hostilla.pl\/wp-content\/uploads\/2017\/03\/g\u0142osowanie-250x167.jpg 250w, http:\/\/test.pieszkow.hostilla.pl\/wp-content\/uploads\/2017\/03\/g\u0142osowanie-768x513.jpg 768w, http:\/\/test.pieszkow.hostilla.pl\/wp-content\/uploads\/2017\/03\/g\u0142osowanie-700x467.jpg 700w, http:\/\/test.pieszkow.hostilla.pl\/wp-content\/uploads\/2017\/03\/g\u0142osowanie-120x80.jpg 120w, http:\/\/test.pieszkow.hostilla.pl\/wp-content\/uploads\/2017\/03\/g\u0142osowanie.jpg 800w\" sizes=\"auto, (max-width: 344px) 100vw, 344px\" \/><\/a><\/p>\n<p><strong><hr class=\"wc-shortcodes-spacing \" style=\"height: 10px\" \/><\/strong><\/p>\n<p><center><\/center><strong><hr class=\"wc-shortcodes-spacing \" style=\"height: 10px\" \/><\/strong>Kwot\u0105 a\u017c 70 tys. z\u0142. radni Gminy Lubin na zebraniu w dniu 30.03.2017 r. wsparli wymian\u0119 stolarki w naszym ko\u015bciele w Pieszkowie.Wniosek z\u0142o\u017cony przez ksi\u0119dza proboszcza opiewa\u0142 na du\u017co mniejsz\u0105 kwot\u0119. Tak du\u017ce dofinansowanie sta\u0142o si\u0119 mo\u017cliwe dzi\u0119ki zwi\u0119kszeniu przez Urz\u0105d Gminy Lubin z 300 tys. z\u0142. do 500 tys. z\u0142. ca\u0142kowitej kwoty przeznaczonej na wszystkie projekty na prace konserwatorskie, restauratorskie i roboty budowlane w obiektach wpisanych do rejestru zabytk\u00f3w.<\/p>\n<p><strong>Ostatecznie decyzj\u0105 Rady Gminy Lubin udzielone zosta\u0142y dotacje w wysoko\u015bci:<\/strong><\/p>\n<p>\u2013 80 tys. z\u0142 Parafii Rzymsko-Katolickiej p.w. \u015bw. Aposto\u0142\u00f3w Piotra Paw\u0142a w Szklarach G\u00f3rnych na prace konserwatorskie zabytkowego o\u0142tarza w ko\u015bciele w Szklarach G\u00f3rnych<\/p>\n<p>\u2013 60 tys. z\u0142 Parafii Rzymsko-Katolickiej p.w. Niepokalanego Serca NMP w Rasz\u00f3wce na wymian\u0119 okien i witra\u017cy w Ko\u015bciele p.w. Niepokalanego Pocz\u0119cia NMP w Raszowej \u2013 etap II.<\/p>\n<p>\u2013 25 tys. z\u0142 Parafii Rzymsko \u2013 Katolickiej p.w. \u015aw. Tr\u00f3jcy w Zimnej Wodzie na wzmocnienie konstrukcji i remont dachu, renowacj\u0119 fasad wraz z pracami odtworzeniowymi kamiennych detali architektonicznych, oraz wykonanie izolacji przeciwwilgociowej ko\u015bcio\u0142a parafialnego p.w. Tr\u00f3jcy \u015awi\u0119tej w Zimnej Wodzie \u2013 etap V.<\/p>\n<p>\u2013 90 tys. z\u0142 Parafii Rzymsko \u2013 Katolickiej p.w. \u015aw. Tr\u00f3jcy w Mi\u0142oradzicach na remont dachu g\u0142\u00f3wnego nad ko\u015bcio\u0142em w Mi\u0142oradzicach \u2013 etap II.<\/p>\n<p>\u2013 50 tys. z\u0142 Parafii Rzymsko \u2013 Katolickiej p.w. Podwy\u017cszenia Krzy\u017ca \u015awi\u0119tego w Brunowie na wzmocnienie \u015bcian i fundament\u00f3w wie\u017cy ko\u015bcio\u0142a filialnego p.w. \u015aw. J\u00f3zefa Robotnika w Gorzycy.<\/p>\n<p>\u2013 70 tys. Parafii Rzymsko \u2013 Katolickiej p.w. Chrystusa Kr\u00f3la w Osieku na wymian\u0119 i renowacj\u0119 stolarki w zabytkowym ko\u015bciele filialnym p.w. Matki Boskiej Cz\u0119stochowskiej w Pieszkowie.<\/p>\n<p>\u2013 45 tys. z\u0142 Parafii Rzymsko \u2013 Katolickiej p.w. Chrystusa Kr\u00f3la w Osieku na wymian\u0119 i renowacj\u0119 stolarki w zabytkowym ko\u015bciele parafialnym w Osieku.<\/p>\n<p>\u2013 80 tys. z\u0142 Parafii Rzymsko \u2013 Katolickiej p.w. \u015aw. Micha\u0142a Archanio\u0142a w Siedlcach na remont drewnianej dzwonnicy znajduj\u0105cej si\u0119 przy ko\u015bciele p.w. Matki Boskiej Wspomo\u017cenia Wiernych w Czer\u0144cu.<\/p>\n<p style=\"text-align: center; font-size: 2em; margin-top: 0px;\"><span style=\"color: #993300;\">***********<\/span><\/p>\n<p style=\"text-align: left;\">29.03.2017<\/p>\n<p style=\"text-align: center;\"><span style=\"text-decoration: underline;\"><strong>AKTUALIZACJA TERMIN\u00d3W ODBIORU ODPAD\u00d3W<br \/>\n<\/strong><\/span><\/p>\n<p style=\"text-align: center;\"><a href=\"http:\/\/test.pieszkow.hostilla.pl\/wp-content\/uploads\/2017\/01\/odpady.jpg\"><img loading=\"lazy\" decoding=\"async\" width=\"324\" height=\"156\" class=\"alignnone size-full wp-image-2987\" src=\"http:\/\/test.pieszkow.hostilla.pl\/wp-content\/uploads\/2017\/01\/odpady.jpg\" alt=\"\" srcset=\"http:\/\/test.pieszkow.hostilla.pl\/wp-content\/uploads\/2017\/01\/odpady.jpg 324w, http:\/\/test.pieszkow.hostilla.pl\/wp-content\/uploads\/2017\/01\/odpady-250x120.jpg 250w, http:\/\/test.pieszkow.hostilla.pl\/wp-content\/uploads\/2017\/01\/odpady-120x58.jpg 120w\" sizes=\"auto, (max-width: 324px) 100vw, 324px\" \/><\/a><\/p>\n<p><strong><hr class=\"wc-shortcodes-spacing \" style=\"height: 10px\" \/><\/strong><\/p>\n<p><center><\/center><strong><hr class=\"wc-shortcodes-spacing \" style=\"height: 10px\" \/><\/strong>Prosimy o zapoznanie si\u0119 z aktualnym harmonogramem, kt\u00f3ry znajduje si\u0119 w zak\u0142adce \u201eODPADY HARMONOGRAM\u201d.<br \/>\nTerminarz zosta\u0142 zaktualizowany o miesi\u0105ce maj i czerwiec 2017 r.<\/p>\n<p>Jednocze\u015bnie podany zosta\u0142 termin odbioru odpad\u00f3w wielkogabarytowych i zu\u017cytego sprz\u0119tu elektrycznego i elektronicznego. W Pieszkowie zbi\u00f3rka b\u0119dzie mia\u0142a miejsce w dniu 13.05.2017<\/p>\n<p>Jednocze\u015bnie informujemy, \u017ce harmonogram obioru odpad\u00f3w na kolejne miesi\u0105ce zostanie opublikowany w p\u00f3\u017aniejszym terminie.<\/p>\n<p style=\"text-align: center; font-size: 2em; margin-top: 0px;\"><span style=\"color: #993300;\">***********<\/span><\/p>\n<p style=\"text-align: left;\">25.03.2017<\/p>\n<p style=\"text-align: center;\"><span style=\"text-decoration: underline;\"><strong>III MIEJSCE PIESZKOWIANEK NA TRADYCJACH WIELKANOCNYCH<br \/>\n<\/strong><\/span><\/p>\n<p style=\"text-align: center;\"><a href=\"http:\/\/test.pieszkow.hostilla.pl\/wp-content\/uploads\/2017\/03\/DSC_0326.jpg\"><img loading=\"lazy\" decoding=\"async\" width=\"250\" height=\"166\" class=\"alignnone size-medium wp-image-3257\" src=\"http:\/\/test.pieszkow.hostilla.pl\/wp-content\/uploads\/2017\/03\/DSC_0326-250x166.jpg\" alt=\"\" srcset=\"http:\/\/test.pieszkow.hostilla.pl\/wp-content\/uploads\/2017\/03\/DSC_0326-250x166.jpg 250w, http:\/\/test.pieszkow.hostilla.pl\/wp-content\/uploads\/2017\/03\/DSC_0326-768x510.jpg 768w, http:\/\/test.pieszkow.hostilla.pl\/wp-content\/uploads\/2017\/03\/DSC_0326-700x465.jpg 700w, http:\/\/test.pieszkow.hostilla.pl\/wp-content\/uploads\/2017\/03\/DSC_0326-120x80.jpg 120w, http:\/\/test.pieszkow.hostilla.pl\/wp-content\/uploads\/2017\/03\/DSC_0326.jpg 800w\" sizes=\"auto, (max-width: 250px) 100vw, 250px\" \/><\/a><\/p>\n<p><strong><hr class=\"wc-shortcodes-spacing \" style=\"height: 10px\" \/><\/strong>50 ods\u0142on jaja wielkanocnego, g\u0142\u00f3wny bohater \u015bwi\u0105tecznego obiadu oraz deser wielkanocny.<br \/>\nW tych kategoriach tym roku \u201dPIESZKOWIANKI\u201d rywalizowa\u0142y z 17 zespo\u0142ami z ca\u0142ej gminy.<br \/>\nIII miejsce zdoby\u0142y w kategorii 50 ods\u0142on jaja wielkanocnego. Na uznanie juror\u00f3w zas\u0142u\u017cy\u0142a potrawa o pysznie brzmi\u0105cej nazwie babeczka z jajkiem.<\/p>\n<p><center><span style=\"color: #993300;\"><strong><span style=\"color: #000000;\"><em>galeria zdj\u0119\u0107 znajduje si\u0119 w zak\u0142adce &#8211; Z \u017bYCIA MIESZKA\u0143C\u00d3W &#8211; <\/em><\/span><\/strong><br \/>\n<\/span><\/center><\/p>\n<p style=\"text-align: center; font-size: 2em; margin-top: 0px;\"><span style=\"color: #993300;\">***********<\/span><\/p>\n<p style=\"text-align: left;\">23.03.2017<\/p>\n<p style=\"text-align: center;\"><span style=\"text-decoration: underline;\"><strong>PIESZKOWIANKI NA TARGACH W POZNANIU<br \/>\n<\/strong><\/span><\/p>\n<p style=\"text-align: center;\"><a href=\"http:\/\/test.pieszkow.hostilla.pl\/wp-content\/uploads\/2017\/03\/9.jpg\"><img loading=\"lazy\" decoding=\"async\" width=\"250\" height=\"188\" class=\"alignnone size-medium wp-image-3217\" src=\"http:\/\/test.pieszkow.hostilla.pl\/wp-content\/uploads\/2017\/03\/9-250x188.jpg\" alt=\"\" srcset=\"http:\/\/test.pieszkow.hostilla.pl\/wp-content\/uploads\/2017\/03\/9-250x188.jpg 250w, http:\/\/test.pieszkow.hostilla.pl\/wp-content\/uploads\/2017\/03\/9-768x576.jpg 768w, http:\/\/test.pieszkow.hostilla.pl\/wp-content\/uploads\/2017\/03\/9-700x525.jpg 700w, http:\/\/test.pieszkow.hostilla.pl\/wp-content\/uploads\/2017\/03\/9-120x90.jpg 120w, http:\/\/test.pieszkow.hostilla.pl\/wp-content\/uploads\/2017\/03\/9.jpg 800w\" sizes=\"auto, (max-width: 250px) 100vw, 250px\" \/><\/a><\/p>\n<p><strong><hr class=\"wc-shortcodes-spacing \" style=\"height: 10px\" \/><\/strong>W tym roku grupa aktywna \u201dPIESZKOWIANKI\u201d przywita\u0142a wiosn\u0119 na targach ogrodnictwa<br \/>\nw Poznaniu. Nasze panie wr\u00f3ci\u0142y bardzo zadowolone z wyjazdu no i oczywi\u015bcie z zakup\u00f3w jakie tam poczyni\u0142y, a podgl\u0105dni\u0119te aran\u017cacje z pewno\u015bci\u0105 znajd\u0105 zastosowanie w tym roku w ich ogr\u00f3dkach.<\/p>\n<p><center><span style=\"color: #993300;\"><strong><span style=\"color: #000000;\"><em>galeria zdj\u0119\u0107 znajduje si\u0119 w zak\u0142adce &#8211; Z \u017bYCIA MIESZKA\u0143C\u00d3W &#8211; <\/em><\/span><\/strong><br \/>\n<\/span><\/center><\/p>\n<p style=\"text-align: center; font-size: 2em; margin-top: 0px;\"><span style=\"color: #993300;\">***********<\/span><\/p>\n<p style=\"text-align: left;\">21.03.2017<\/p>\n<p style=\"text-align: center;\"><span style=\"text-decoration: underline;\"><strong>W KO\u0143CU DOCZEKALI\u015aMY SI\u0118<br \/>\n<\/strong><\/span><\/p>\n<p style=\"text-align: center;\"><a href=\"http:\/\/test.pieszkow.hostilla.pl\/wp-content\/uploads\/2017\/03\/wiosna.jpg\"><img loading=\"lazy\" decoding=\"async\" class=\"alignnone wp-image-3206\" src=\"http:\/\/test.pieszkow.hostilla.pl\/wp-content\/uploads\/2017\/03\/wiosna-250x160.jpg\" alt=\"\" width=\"345\" height=\"221\" srcset=\"http:\/\/test.pieszkow.hostilla.pl\/wp-content\/uploads\/2017\/03\/wiosna-250x160.jpg 250w, http:\/\/test.pieszkow.hostilla.pl\/wp-content\/uploads\/2017\/03\/wiosna-120x77.jpg 120w, http:\/\/test.pieszkow.hostilla.pl\/wp-content\/uploads\/2017\/03\/wiosna.jpg 366w\" sizes=\"auto, (max-width: 345px) 100vw, 345px\" \/><\/a><\/p>\n<p style=\"text-align: left;\"><strong><hr class=\"wc-shortcodes-spacing \" style=\"height: 10px\" \/><\/strong><\/p>\n<p><center>Teraz czekamy na s\u0142o\u0144ce <span style=\"color: #993300;\"> \ud83d\ude42<\/span><\/center><\/p>\n<p style=\"text-align: center; font-size: 2em; margin-top: 0px;\"><span style=\"color: #993300;\">***********<\/span><\/p>\n<p style=\"text-align: left;\">14.03.2017<\/p>\n<p style=\"text-align: center;\"><span style=\"text-decoration: underline;\"><strong>DZISIAJ W TVN O SK\u0141ADOWISKU W K\u0141OPOTOWIE<br \/>\n<\/strong><\/span><\/p>\n<p style=\"text-align: center;\"><a href=\"http:\/\/test.pieszkow.hostilla.pl\/wp-content\/uploads\/2017\/03\/tvn-300x178.jpg\"><img loading=\"lazy\" decoding=\"async\" width=\"250\" height=\"148\" class=\"alignnone size-medium wp-image-3203\" src=\"http:\/\/test.pieszkow.hostilla.pl\/wp-content\/uploads\/2017\/03\/tvn-300x178-250x148.jpg\" alt=\"\" srcset=\"http:\/\/test.pieszkow.hostilla.pl\/wp-content\/uploads\/2017\/03\/tvn-300x178-250x148.jpg 250w, http:\/\/test.pieszkow.hostilla.pl\/wp-content\/uploads\/2017\/03\/tvn-300x178-120x71.jpg 120w, http:\/\/test.pieszkow.hostilla.pl\/wp-content\/uploads\/2017\/03\/tvn-300x178.jpg 300w\" sizes=\"auto, (max-width: 250px) 100vw, 250px\" \/><\/a><\/p>\n<p style=\"text-align: left;\"><strong><hr class=\"wc-shortcodes-spacing \" style=\"height: 10px\" \/><\/strong>Problemem mieszka\u0144c\u00f3w K\u0142opotowa i okolicznych miejscowo\u015bci, zainteresowa\u0142a si\u0119 og\u00f3lnopolska telewizja. Reporterzy programu TVN UWAGA przez kilka miesi\u0119cy przygl\u0105dali si\u0119 dzia\u0142alno\u015bci sk\u0142adowiska odpad\u00f3w w K\u0142opotowie. Dzi\u015b o godzinie 19.50 na kanale TVN<br \/>\nw programie UWAGA b\u0119dzie emitowany materia\u0142 po\u015bwi\u0119cony temu tematowi. Zach\u0119camy do ogl\u0105dania programu.<b> <\/b><\/p>\n<p style=\"text-align: center; font-size: 2em; margin-top: 0px;\"><span style=\"color: #993300;\">***********<\/span><\/p>\n<p style=\"text-align: left;\">08.03.2017<\/p>\n<p style=\"text-align: center;\"><span style=\"text-decoration: underline;\"><strong>Z OKAZJI \u015aWI\u0118TA WSZYSTKIM PANIOM &#8211; WSZYSTKIEGO NAJLEPSZEGO<br \/>\n<\/strong><\/span><\/p>\n<p style=\"text-align: center;\"><a href=\"http:\/\/test.pieszkow.hostilla.pl\/wp-content\/uploads\/2017\/03\/dzie\u0144-kobiet.jpg\"><img loading=\"lazy\" decoding=\"async\" class=\"alignnone wp-image-3198\" src=\"http:\/\/test.pieszkow.hostilla.pl\/wp-content\/uploads\/2017\/03\/dzie\u0144-kobiet-250x132.jpg\" alt=\"\" width=\"318\" height=\"168\" srcset=\"http:\/\/test.pieszkow.hostilla.pl\/wp-content\/uploads\/2017\/03\/dzie\u0144-kobiet-250x132.jpg 250w, http:\/\/test.pieszkow.hostilla.pl\/wp-content\/uploads\/2017\/03\/dzie\u0144-kobiet-120x63.jpg 120w, http:\/\/test.pieszkow.hostilla.pl\/wp-content\/uploads\/2017\/03\/dzie\u0144-kobiet.jpg 666w\" sizes=\"auto, (max-width: 318px) 100vw, 318px\" \/><\/a><\/p>\n<p style=\"text-align: center;\"><strong><hr class=\"wc-shortcodes-spacing \" style=\"height: 10px\" \/><\/strong><\/p>\n<p><center><strong>A wy Panowie nie zapomnijcie dzisiaj o \u017cyczeniach <span style=\"color: #993300;\"> \ud83d\ude42<\/span><br \/>\n<\/strong><\/center><\/p>\n<p style=\"text-align: center;\"><a href=\"http:\/\/test.pieszkow.hostilla.pl\/wp-content\/uploads\/2017\/03\/\u017cyczenia-dzie\u0144-kobiet1.jpg\"><img loading=\"lazy\" decoding=\"async\" class=\"alignnone wp-image-3199\" src=\"http:\/\/test.pieszkow.hostilla.pl\/wp-content\/uploads\/2017\/03\/\u017cyczenia-dzie\u0144-kobiet1-250x188.jpg\" alt=\"\" width=\"324\" height=\"244\" srcset=\"http:\/\/test.pieszkow.hostilla.pl\/wp-content\/uploads\/2017\/03\/\u017cyczenia-dzie\u0144-kobiet1-250x188.jpg 250w, http:\/\/test.pieszkow.hostilla.pl\/wp-content\/uploads\/2017\/03\/\u017cyczenia-dzie\u0144-kobiet1-120x90.jpg 120w, http:\/\/test.pieszkow.hostilla.pl\/wp-content\/uploads\/2017\/03\/\u017cyczenia-dzie\u0144-kobiet1.jpg 300w\" sizes=\"auto, (max-width: 324px) 100vw, 324px\" \/><\/a><\/p>\n<p style=\"text-align: center; font-size: 2em; margin-top: 0px;\"><span style=\"color: #993300;\">***********<\/span><\/p>\n<p style=\"text-align: left;\">07.03.2017<\/p>\n<p style=\"text-align: center;\"><span style=\"text-decoration: underline;\"><strong>POM\u00d3\u017b URZ\u0118DOWI GMINY USPRAWNI\u0106 SYSTEM GOSPODAROWANIA ODPADAMI<br \/>\n<\/strong><\/span><\/p>\n<p style=\"text-align: center;\"><a href=\"http:\/\/test.pieszkow.hostilla.pl\/wp-content\/uploads\/2017\/01\/odpady.jpg\"><img loading=\"lazy\" decoding=\"async\" width=\"250\" height=\"120\" class=\"alignnone size-medium wp-image-2987\" src=\"http:\/\/test.pieszkow.hostilla.pl\/wp-content\/uploads\/2017\/01\/odpady-250x120.jpg\" alt=\"\" srcset=\"http:\/\/test.pieszkow.hostilla.pl\/wp-content\/uploads\/2017\/01\/odpady-250x120.jpg 250w, http:\/\/test.pieszkow.hostilla.pl\/wp-content\/uploads\/2017\/01\/odpady-120x58.jpg 120w, http:\/\/test.pieszkow.hostilla.pl\/wp-content\/uploads\/2017\/01\/odpady.jpg 324w\" sizes=\"auto, (max-width: 250px) 100vw, 250px\" \/><\/a><\/p>\n<p><strong><hr class=\"wc-shortcodes-spacing \" style=\"height: 10px\" \/><\/strong>Worki czy pojemniki na \u015bmieci? Limit odbieranych nieczysto\u015bci wi\u0119kszy czy mo\u017ce jest wystarczaj\u0105cy? Na te i inne sugestie oraz uwagi mieszka\u0144c\u00f3w Gminy Lubin urz\u0105d czeka do ko\u0144ca marca br.<b> <\/b><\/p>\n<p>Zach\u0119camy wszystkich mieszka\u0144c\u00f3w gminy o zabranie g\u0142osu w sprawie usprawnienia systemu gospodarowania odpadami komunalnymi. Czekamy na Pa\u0144stwa pomys\u0142y i propozycje, kt\u00f3re udoskonali\u0142yby obecny system odbioru odpad\u00f3w w naszej gminie. Zg\u0142oszenia i uwagi b\u0119d\u0105 analizowane i w miar\u0119 mo\u017cliwo\u015bci finansowych, wprowadzane w \u017cycie.<\/p>\n<p>Informacje mo\u017cna przekazywa\u0107 do Urz\u0119du Gminy w Lubinie osobi\u015bcie, poczt\u0105 tradycyjn\u0105 \u2013 z dopiskiem \u201ePropozycja zmian systemu gospodarowania odpadami na terenie Gminy Lubin\u201d \u2013 (ul. W\u0142adys\u0142awa \u0141okietka 6, 59-300 Lubin) lub elektroniczn\u0105 (na adres: <a href=\"mailto:sekretariat@ug.lubin.pl\">sekretariat@ug.lubin.pl<\/a>).<\/p>\n<p style=\"text-align: center; font-size: 2em; margin-top: 0px;\"><span style=\"color: #993300;\">***********<\/span><\/p>\n<p style=\"text-align: left;\">02.03.2017<\/p>\n<p style=\"text-align: center;\"><span style=\"text-decoration: underline;\"><strong>DU\u017bE KARY ZA WYPALANIE TRAWY<br \/>\n<\/strong><\/span><\/p>\n<p style=\"text-align: center;\"><a href=\"http:\/\/test.pieszkow.hostilla.pl\/wp-content\/uploads\/2017\/03\/TRAWA.jpg\"><img loading=\"lazy\" decoding=\"async\" class=\"alignnone wp-image-3189\" src=\"http:\/\/test.pieszkow.hostilla.pl\/wp-content\/uploads\/2017\/03\/TRAWA-250x156.jpg\" alt=\"\" width=\"287\" height=\"179\" srcset=\"http:\/\/test.pieszkow.hostilla.pl\/wp-content\/uploads\/2017\/03\/TRAWA-250x156.jpg 250w, http:\/\/test.pieszkow.hostilla.pl\/wp-content\/uploads\/2017\/03\/TRAWA-120x75.jpg 120w, http:\/\/test.pieszkow.hostilla.pl\/wp-content\/uploads\/2017\/03\/TRAWA.jpg 400w\" sizes=\"auto, (max-width: 287px) 100vw, 287px\" \/><\/a><\/p>\n<p><strong><hr class=\"wc-shortcodes-spacing \" style=\"height: 10px\" \/><\/strong>Grzywna pi\u0119\u0107 tysi\u0119cy z\u0142otych oraz nawet do 10 lat wi\u0119zienia grozi osobom, kt\u00f3re b\u0119d\u0105 wypala\u0142y traw\u0119. Co roku, wraz z nadej\u015bciem wiosny wielu rolnik\u00f3w decyduje si\u0119 na wypalanie suchych, pozimowych traw. Przypominamy, \u017ce jest to bardzo niebezpieczne i niedozwolone.<\/p>\n<p align=\"justify\">Od pokole\u0144 panuje przekonanie, \u017ce spalenie trawy spowoduje szybszy i bujniejszy odrost m\u0142odej trawy. Nic bardziej mylnego. W ogniu ginie ca\u0142e bogactwo budz\u0105cej si\u0119 do \u017cycia przyrody!<\/p>\n<p align=\"justify\">Wypalanie traw bardzo niekorzystnie wp\u0142ywa na faun\u0119 i flor\u0119 zniszczonych obszar\u00f3w. Dodatkowo wypalanie traw to tak\u017ce zagro\u017cenie dla ruchu drogowego. G\u0119sty, \u015bciel\u0105cy si\u0119 dym ogranicza widoczno\u015b\u0107, co mo\u017ce doprowadza\u0107 do wypadk\u00f3w.<\/p>\n<p align=\"justify\">Z wypalaniem traw wi\u0105\u017c\u0105 si\u0119 r\u00f3wnie\u017c koszty akcji ga\u015bniczej. Poza tym, stra\u017cacy zaj\u0119ci gaszeniem pal\u0105cych si\u0119 traw mog\u0105 nie zd\u0105\u017cy\u0107 z pomoc\u0105 do innych niebezpiecznych zdarze\u0144 zwi\u0105zanych z ratowaniem zdrowia lub \u017cycia. A tego nie da si\u0119 ju\u017c wyceni\u0107.<\/p>\n<p style=\"text-align: center; font-size: 2em; margin-top: 0px;\"><span style=\"color: #993300;\">***********<\/span><\/p>\n<p style=\"text-align: left;\">28.02.2017<\/p>\n<p style=\"text-align: center;\"><span style=\"text-decoration: underline;\"><strong>DARMOWA POMOC PRAWNA<br \/>\n<\/strong><\/span><\/p>\n<p style=\"text-align: center;\"><a href=\"http:\/\/test.pieszkow.hostilla.pl\/wp-content\/uploads\/2017\/02\/darmowa-pomoc-prawna.jpg\"><img loading=\"lazy\" decoding=\"async\" class=\"alignnone wp-image-3182\" src=\"http:\/\/test.pieszkow.hostilla.pl\/wp-content\/uploads\/2017\/02\/darmowa-pomoc-prawna.jpg\" alt=\"\" width=\"179\" height=\"246\" srcset=\"http:\/\/test.pieszkow.hostilla.pl\/wp-content\/uploads\/2017\/02\/darmowa-pomoc-prawna.jpg 218w, http:\/\/test.pieszkow.hostilla.pl\/wp-content\/uploads\/2017\/02\/darmowa-pomoc-prawna-120x165.jpg 120w\" sizes=\"auto, (max-width: 179px) 100vw, 179px\" \/><\/a><\/p>\n<p><strong><hr class=\"wc-shortcodes-spacing \" style=\"height: 10px\" \/><\/strong>Mieszka\u0144cy Gminy Lubin mog\u0105 korzysta\u0107 z bezp\u0142atnej pomocy prawnej. Porady i pomoc udzielane m.in. z zakresu prawa pracy, prawa karnego czy prawa ubezpiecze\u0144 spo\u0142ecznych mo\u017cna uzyska\u0107 w czterech punktach, kt\u00f3re dzia\u0142aj\u0105 na terenie powiatu lubi\u0144skiego. System darmowej pomocy prawnej funkcjonuje w ca\u0142ym kraju od 01 stycznia 2016 roku.<b> <\/b><\/p>\n<p>Program jest rezultatem wej\u015bcia w \u017cycie ustawy przygotowanej w Ministerstwie Sprawiedliwo\u015bci zak\u0142adaj\u0105cej stworzenie og\u00f3lnopolskiego systemu nieodp\u0142atnej pomocy. Wsp\u00f3\u0142praca Gminy Lubin ze Starostwem Powiatowym, zaowocowa\u0142a uruchomieniem czterech punkt\u00f3w, w kt\u00f3rych mieszka\u0144cy gminy mog\u0105 korzysta\u0107 z nieodp\u0142atnej pomocy.<\/p>\n<p>Punkt 1 \u2013 LUBIN, ul. \u0141okietka 6A, pok. 2 (parter) \u2013 w budynku Urz\u0119du Gminy Lubin<br \/>\nPunkt 2 \u2013 \u015aCINAWA, ul. Rynek 17, pok. 6 (parter) \u2013 w budynku Urz\u0119du Miasta i Gminy \u015acinawa<br \/>\nPunkt 3,4 \u2013 LUBIN, ul. Kili\u0144skiego 12B, pok. 116 (1 pi\u0119tro) \u2013 w budynku Starostwa Powiatowego w Lubinie<\/p>\n<p>Pomoc nie obejmuje spraw z zakresu prawa celnego, dewizowego, handlowego i dzia\u0142alno\u015bci gospodarczej, z wyj\u0105tkiem przygotowywania do jej rozpocz\u0119cia.<\/p>\n<p style=\"text-align: center; font-size: 2em; margin-top: 0px;\"><span style=\"color: #993300;\">***********<\/span><\/p>\n<p style=\"text-align: left;\">27.02.2017<\/p>\n<p style=\"text-align: center;\"><span style=\"text-decoration: underline;\"><strong>CZY W\u00d3JT DOTRZYMA OBIETNICY WYBORCZEJ ?<br \/>\n<\/strong><\/span><\/p>\n<p style=\"text-align: center;\"><a href=\"http:\/\/test.pieszkow.hostilla.pl\/wp-content\/uploads\/2017\/02\/W\u00f3jt.jpg\"><img loading=\"lazy\" decoding=\"async\" width=\"250\" height=\"167\" class=\"alignnone size-medium wp-image-3180\" src=\"http:\/\/test.pieszkow.hostilla.pl\/wp-content\/uploads\/2017\/02\/W\u00f3jt-250x167.jpg\" alt=\"\" srcset=\"http:\/\/test.pieszkow.hostilla.pl\/wp-content\/uploads\/2017\/02\/W\u00f3jt-250x167.jpg 250w, http:\/\/test.pieszkow.hostilla.pl\/wp-content\/uploads\/2017\/02\/W\u00f3jt-700x467.jpg 700w, http:\/\/test.pieszkow.hostilla.pl\/wp-content\/uploads\/2017\/02\/W\u00f3jt-120x80.jpg 120w, http:\/\/test.pieszkow.hostilla.pl\/wp-content\/uploads\/2017\/02\/W\u00f3jt.jpg 766w\" sizes=\"auto, (max-width: 250px) 100vw, 250px\" \/><\/a><\/p>\n<p><strong><hr class=\"wc-shortcodes-spacing \" style=\"height: 10px\" \/><\/strong>Podatek od nieruchomo\u015bci w gminie wci\u0105\u017c jest p\u0142acony przez mieszka\u0144c\u00f3w. Rzecz w tym, \u017ce w\u00f3jt Tadeusz Kielan obiecywa\u0142 w kampanii wyborczej jego zniesienie. Wybory wygra\u0142, ale podatku ju\u017c nie zni\u00f3s\u0142.<\/p>\n<p>Standardowe gospodarstwo w gminie Lubin \u2013 dom z gara\u017cem na 10-arowej dzia\u0142ce. Wok\u00f3\u0142 trawnik, \u017cadnych dodatkowych zabudowa\u0144. Podatek \u2013 352 z\u0142, podzielony na cztery raty. W tej sprawie do Urz\u0119du Gminy wp\u0142yn\u0119\u0142o ju\u017c wiele skarg od mieszka\u0144c\u00f3w.<\/p>\n<p>\u2013 Mam do zap\u0142aty prawie 400 z\u0142, kolega ma dwa razy wi\u0119ksz\u0105 dzia\u0142k\u0119, wi\u0119c p\u0142aci ponad 700 z\u0142. Wybory by\u0142y w 2014 roku, wtedy jeszcze kandydat na w\u00f3jta \u2013 pan Kielan \u2013 tak szumnie zapowiada\u0142, \u017ce jak wygra, to zniesie podatek. Wygra\u0142, podatku mia\u0142o nie by\u0107, a dalej jest \u2013 narzeka jeden z mieszka\u0144c\u00f3w.<\/p>\n<p>W\u00f3jt t\u0142umaczy\u0142 si\u0119 tym, \u017ce nie mia\u0142 wi\u0119kszo\u015bci w\u015br\u00f3d radnych. Jednak teraz radni w\u00f3jta Kielana od dawna maj\u0105 ju\u017c wi\u0119kszo\u015b\u0107 w tym gremium. Podatek m\u00f3g\u0142by wi\u0119c zosta\u0107 zniesiony, a z\u0142o\u017cona mieszka\u0144com obietnica, spe\u0142niona. Dlaczego tak si\u0119 nie sta\u0142o?<\/p>\n<p>Podatek zosta\u0142 w cz\u0119\u015bci zmniejszony, poprzez ca\u0142kowite zwolnienie mieszka\u0144c\u00f3w z op\u0142at od budynk\u00f3w i budowli. Wysoko\u015b\u0107 zwolnienia podatkowego jest r\u00f3\u017cna w indywidualnych przypadkach. W niekt\u00f3rych gospodarstwach oscyluje w granicach 40 proc, w innych w 60 proc., w zale\u017cno\u015bci od struktury gospodarstw. W skali gminy \u015brednio obni\u017cenie podatku od nieruchomo\u015bci wynios\u0142o 50 proc. Skutki obni\u017cenia maksymalnych stawek podatkowych oraz wprowadzonych zwolnie\u0144 w podatkach wynios\u0142y w 2016 r. ok. 5,2 mln z\u0142 \u2013 przedstawia szczeg\u00f3\u0142owe wyliczenia w\u00f3jt Kielan.<\/p>\n<p>Jednocze\u015bnie szef gminy t\u0142umaczy, \u017ce ma dzi\u015b du\u017cy dylemat. Realizowa\u0107 kolejne inwestycje, w tym remonty dr\u00f3g, czy znie\u015b\u0107 podatek.<\/p>\n<p>\u2013 A ja powiem jedno. Mia\u0142 znie\u015b\u0107 podatek, a nie go zmniejszy\u0107. Co wi\u0119cej, obiecywa\u0142<br \/>\ni zniesienie podatku, i remonty dr\u00f3g. M\u00f3g\u0142 wcze\u015bniej to przeanalizowa\u0107 \u2013 dodaje na koniec inny z mieszka\u0144c\u00f3w gminy. \u2013 Ja si\u0119 czuj\u0119 oszukany.<\/p>\n<p>\u017ar\u00f3d\u0142o: lubin.pl<\/p>\n<p style=\"text-align: center; font-size: 2em; margin-top: 0px;\"><span style=\"color: #993300;\">***********<\/span><\/p>\n<p style=\"text-align: left;\">23.02.2017<\/p>\n<p style=\"text-align: center;\"><span style=\"text-decoration: underline;\"><strong>W TYM NAJS\u0141ODSZYM DNIU W ROKU<br \/>\n<\/strong><\/span><\/p>\n<p style=\"text-align: center;\"><span style=\"text-decoration: underline;\"><strong>\u017bYCZYMY WSZYSTKIM SMACZNEGO<br \/>\n<\/strong><\/span><\/p>\n<p style=\"text-align: center;\"><a href=\"http:\/\/test.pieszkow.hostilla.pl\/wp-content\/uploads\/2017\/02\/Tlusty-czwartek.jpg\"><img loading=\"lazy\" decoding=\"async\" width=\"250\" height=\"178\" class=\"alignnone size-medium wp-image-3175\" src=\"http:\/\/test.pieszkow.hostilla.pl\/wp-content\/uploads\/2017\/02\/Tlusty-czwartek-250x178.jpg\" alt=\"\" srcset=\"http:\/\/test.pieszkow.hostilla.pl\/wp-content\/uploads\/2017\/02\/Tlusty-czwartek-250x178.jpg 250w, http:\/\/test.pieszkow.hostilla.pl\/wp-content\/uploads\/2017\/02\/Tlusty-czwartek-120x85.jpg 120w, http:\/\/test.pieszkow.hostilla.pl\/wp-content\/uploads\/2017\/02\/Tlusty-czwartek.jpg 500w\" sizes=\"auto, (max-width: 250px) 100vw, 250px\" \/><\/a><\/p>\n<p style=\"text-align: center;\"><strong><hr class=\"wc-shortcodes-spacing \" style=\"height: 10px\" \/><\/strong><\/p>\n<p><center><strong>JEST TE\u017b CO\u015a DLA LICZ\u0104CYCH KALORIE<\/strong><\/center><\/p>\n<p style=\"text-align: center;\"><a href=\"http:\/\/test.pieszkow.hostilla.pl\/wp-content\/uploads\/2017\/02\/kalorie.jpg\"><img loading=\"lazy\" decoding=\"async\" width=\"250\" height=\"230\" class=\"alignnone size-medium wp-image-3174\" src=\"http:\/\/test.pieszkow.hostilla.pl\/wp-content\/uploads\/2017\/02\/kalorie-250x230.jpg\" alt=\"\" srcset=\"http:\/\/test.pieszkow.hostilla.pl\/wp-content\/uploads\/2017\/02\/kalorie-250x230.jpg 250w, http:\/\/test.pieszkow.hostilla.pl\/wp-content\/uploads\/2017\/02\/kalorie-120x110.jpg 120w, http:\/\/test.pieszkow.hostilla.pl\/wp-content\/uploads\/2017\/02\/kalorie.jpg 580w\" sizes=\"auto, (max-width: 250px) 100vw, 250px\" \/><\/a><\/p>\n<p style=\"text-align: center; font-size: 2em; margin-top: 0px;\"><span style=\"color: #993300;\">***********<\/span><\/p>\n<p style=\"text-align: left;\">21.02.2017<\/p>\n<p style=\"text-align: center;\"><span style=\"text-decoration: underline;\"><strong>B\u0118DZIE SYGNALIZACJA \u015aWIETLNA W MIROSZOWICACH<br \/>\n<\/strong><\/span><\/p>\n<p style=\"text-align: center;\"><a href=\"http:\/\/test.pieszkow.hostilla.pl\/wp-content\/uploads\/2017\/02\/Skrzy\u017cowanie-Miroszowice.jpg\"><img loading=\"lazy\" decoding=\"async\" class=\"alignnone wp-image-3170\" src=\"http:\/\/test.pieszkow.hostilla.pl\/wp-content\/uploads\/2017\/02\/Skrzy\u017cowanie-Miroszowice.jpg\" alt=\"\" width=\"352\" height=\"234\" srcset=\"http:\/\/test.pieszkow.hostilla.pl\/wp-content\/uploads\/2017\/02\/Skrzy\u017cowanie-Miroszowice.jpg 600w, http:\/\/test.pieszkow.hostilla.pl\/wp-content\/uploads\/2017\/02\/Skrzy\u017cowanie-Miroszowice-250x166.jpg 250w, http:\/\/test.pieszkow.hostilla.pl\/wp-content\/uploads\/2017\/02\/Skrzy\u017cowanie-Miroszowice-120x80.jpg 120w\" sizes=\"auto, (max-width: 352px) 100vw, 352px\" \/><\/a><\/p>\n<p><strong><hr class=\"wc-shortcodes-spacing \" style=\"height: 10px\" \/><\/strong>W\u00f3jt Gminy Lubin Tadeusz Kielan otrzyma\u0142 zapewnienie Generalnej Dyrekcji Dr\u00f3g Krajowych<br \/>\ni Autostrad, \u017ce jeszcze w tym roku rozpoczn\u0105 si\u0119 prace zwi\u0105zane z przebudow\u0105 skrzy\u017cowania dr\u00f3g krajowych nr 3 i 36 z drog\u0105 gminn\u0105 prowadz\u0105c\u0105 do Miroszowic. Ma tam powsta\u0107 r\u00f3wnie\u017c sygnalizacja \u015bwietlna.<\/p>\n<p>Ju\u017c w marcu og\u0142oszony zostanie przetarg na wykonanie tego zadania, co oznacza, \u017ce na pocz\u0105tku lata b\u0119dzie mog\u0142a si\u0119 rozpocz\u0105\u0107 przebudowa skrzy\u017cowania i monta\u017c sygnalizacji.<\/p>\n<p style=\"text-align: center; font-size: 2em; margin-top: 0px;\"><span style=\"color: #993300;\">***********<\/span><\/p>\n<p style=\"text-align: left;\">16.02.2017<\/p>\n<p style=\"text-align: center;\"><span style=\"text-decoration: underline;\"><strong>NOWE TERMINY ODBIORU ODPAD\u00d3W<br \/>\n<\/strong><\/span><\/p>\n<p style=\"text-align: center;\"><a href=\"http:\/\/test.pieszkow.hostilla.pl\/wp-content\/uploads\/2017\/01\/odpady.jpg\"><img loading=\"lazy\" decoding=\"async\" width=\"324\" height=\"156\" class=\"alignnone size-full wp-image-2987\" src=\"http:\/\/test.pieszkow.hostilla.pl\/wp-content\/uploads\/2017\/01\/odpady.jpg\" alt=\"\" srcset=\"http:\/\/test.pieszkow.hostilla.pl\/wp-content\/uploads\/2017\/01\/odpady.jpg 324w, http:\/\/test.pieszkow.hostilla.pl\/wp-content\/uploads\/2017\/01\/odpady-250x120.jpg 250w, http:\/\/test.pieszkow.hostilla.pl\/wp-content\/uploads\/2017\/01\/odpady-120x58.jpg 120w\" sizes=\"auto, (max-width: 324px) 100vw, 324px\" \/><\/a><\/p>\n<p><strong><hr class=\"wc-shortcodes-spacing \" style=\"height: 10px\" \/><\/strong><\/p>\n<p><center><strong>W marcu br. nast\u0105pi\u0105 zmiany w terminach odbioru odpad\u00f3w komunalnych.<\/strong><\/center><strong><hr class=\"wc-shortcodes-spacing \" style=\"height: 10px\" \/><\/strong>Prosimy o zapoznanie si\u0119 z aktualnym harmonogramem, kt\u00f3ry znajduje si\u0119 w zak\u0142adce \u201eODPADY HARMONOGRAM\u201d. Nowe terminy w miesi\u0105cu marcu zosta\u0142y oznaczone kolorem czerwonym. Terminarz obejmuje okres od stycznia do kwietnia 2017 r.<\/p>\n<p>Jednocze\u015bnie informujemy, \u017ce harmonogram obioru odpad\u00f3w na kolejne miesi\u0105ce zostanie opublikowany w p\u00f3\u017aniejszym terminie.<\/p>\n<p>\u017ar\u00f3d\u0142o:ug.lubin.pl<\/p>\n<p style=\"text-align: center; font-size: 2em; margin-top: 0px;\"><span style=\"color: #993300;\">***********<\/span><\/p>\n<p style=\"text-align: left;\">10.02.2017<\/p>\n<p style=\"text-align: center;\"><span style=\"text-decoration: underline;\"><strong>NOWY BANKNOT 500-Z\u0141OTOWY<br \/>\n<\/strong><\/span><\/p>\n<p style=\"text-align: center;\"><a href=\"http:\/\/test.pieszkow.hostilla.pl\/wp-content\/uploads\/2017\/02\/Nowy-banknot-500z\u0142.jpg\"><img loading=\"lazy\" decoding=\"async\" width=\"256\" height=\"192\" class=\"alignnone size-full wp-image-3152\" src=\"http:\/\/test.pieszkow.hostilla.pl\/wp-content\/uploads\/2017\/02\/Nowy-banknot-500z\u0142.jpg\" alt=\"\" srcset=\"http:\/\/test.pieszkow.hostilla.pl\/wp-content\/uploads\/2017\/02\/Nowy-banknot-500z\u0142.jpg 256w, http:\/\/test.pieszkow.hostilla.pl\/wp-content\/uploads\/2017\/02\/Nowy-banknot-500z\u0142-250x188.jpg 250w, http:\/\/test.pieszkow.hostilla.pl\/wp-content\/uploads\/2017\/02\/Nowy-banknot-500z\u0142-120x90.jpg 120w\" sizes=\"auto, (max-width: 256px) 100vw, 256px\" \/><\/a><\/p>\n<p><strong><hr class=\"wc-shortcodes-spacing \" style=\"height: 10px\" \/><\/strong>W dniu dzisiejszym do obiegu wszed\u0142 najwy\u017cszy polski nomina\u0142 \u2013 banknot 500-z\u0142otowy z wizerunkiem Jana III Sobieskiego. Nowy banknot mia\u0142 zamyka\u0107 seri\u0119 \u201eW\u0142adcy polscy\u201d, dlatego autorem jego wizerunku jest projektant pozosta\u0142ych polskich banknot\u00f3w, Andrzej Heidrich.<\/p>\n<p>Nowa 500-setka cho\u0107 jest wi\u0119ksza formatowo ni\u017c pozosta\u0142e nomina\u0142y, to graficznie nie odstaje od pozosta\u0142ych banknot\u00f3w. W ramach serii \u201eW\u0142adcy polscy\u201d na wszystkich dotychczasowych banknotach widniej\u0105 wizerunki polskich w\u0142adc\u00f3w z dynastii Piast\u00f3w i Jagiellon\u00f3w, w kolejno\u015bci chronologicznej, odpowiadaj\u0105cej wzrostowi nomina\u0142\u00f3w: Mieszko I, Boles\u0142aw Chrobry, Kazimierz Wielki, W\u0142adys\u0142aw Jagie\u0142\u0142o i Zygmunt I Stary.<\/p>\n<p>Nowy banknot jest, obok 200-z\u0142otowego, najlepiej zabezpieczony, na przyk\u0142ad wysokiej generacji farb\u0105 zmienn\u0105 optycznie.<\/p>\n<p>Prace nad nowym banknotem rozpocz\u0119to w listopadzie 2014 roku. Do obiegu wejdzie 50 milion\u00f3w sztuk tego nomina\u0142u.<\/p>\n<p style=\"text-align: center; font-size: 2em; margin-top: 0px;\"><span style=\"color: #993300;\">***********<\/span><\/p>\n<p style=\"text-align: left;\">06.02.2017<\/p>\n<p style=\"text-align: center;\"><span style=\"text-decoration: underline;\"><strong>PROBLEMY NA DRODZE PIESZK\u00d3W-OSIEK<br \/>\n<\/strong><\/span><\/p>\n<p style=\"text-align: center;\"><a href=\"http:\/\/test.pieszkow.hostilla.pl\/wp-content\/uploads\/2017\/02\/droga-Osiek-Pieszk\u00f3w6.jpg\"><img loading=\"lazy\" decoding=\"async\" width=\"250\" height=\"166\" class=\"alignnone size-medium wp-image-3136\" src=\"http:\/\/test.pieszkow.hostilla.pl\/wp-content\/uploads\/2017\/02\/droga-Osiek-Pieszk\u00f3w6-250x166.jpg\" alt=\"\" srcset=\"http:\/\/test.pieszkow.hostilla.pl\/wp-content\/uploads\/2017\/02\/droga-Osiek-Pieszk\u00f3w6-250x166.jpg 250w, http:\/\/test.pieszkow.hostilla.pl\/wp-content\/uploads\/2017\/02\/droga-Osiek-Pieszk\u00f3w6-120x80.jpg 120w, http:\/\/test.pieszkow.hostilla.pl\/wp-content\/uploads\/2017\/02\/droga-Osiek-Pieszk\u00f3w6.jpg 256w\" sizes=\"auto, (max-width: 250px) 100vw, 250px\" \/><\/a><\/p>\n<p><strong><hr class=\"wc-shortcodes-spacing \" style=\"height: 10px\" \/><\/strong>A\u017c strach postawi\u0107 tam nog\u0119, strach wjecha\u0107 ko\u0142ami. \u2013 A co maj\u0105 powiedzie\u0107 mieszka\u0144cy Pieszkowa czy s\u0105siednich miejscowo\u015bci, kt\u00f3rzy codziennie je\u017cd\u017c\u0105 t\u0119dy do szko\u0142y czy pracy? \u2013 pyta jednak z Czytelniczek portalu Lubin.pl, wskazuj\u0105c na drog\u0119 relacji Osiek-Pieszk\u00f3w. Spory odcinek tej trasy pokryty jest lodem<strong>.<\/strong><\/p>\n<p>\u2013 Z p\u00f3l \u015bcieka woda, rowy s\u0105 ju\u017c pe\u0142ne po brzegi, wi\u0119c teraz zalewa drog\u0119 \u2013 opowiada Czytelniczka. \u2013 A \u017ce temperatura jest na minusie, na drodze zrobi\u0142a si\u0119 szklanka. Warunki do jazdy s\u0105 tragiczne! \u2013 narzeka.<\/p>\n<p>Kobieta przyznaje, \u017ce to nie pierwsza taka sytuacja. Problem powtarza si\u0119 co roku. \u2013 A zima jeszcze si\u0119 przecie\u017c nie sko\u0144czy\u0142a. To droga powiatowa, dzwoni\u0142am do urz\u0119du, ale nikt nie zareagowa\u0142 \u2013 dodaje.<\/p>\n<p>Droga rzeczywi\u015bcie jest powiatowa, ale przekazana w zarz\u0105dzanie do gminy wiejskiej Lubin. Tam \u2013 jak zapewnia rzecznik w\u00f3jta Maja Grohman \u2013 nikt problemu nie zg\u0142asza\u0142. \u2013 Ale nasze s\u0142u\u017cby ju\u017c od rana wiedzia\u0142y, \u017ce na ten trasie konieczna jest interwencja. Obecnie trwa tam wypompowywanie wody, p\u00f3\u017aniej przyjedzie te\u017c piaskarka, kt\u00f3ra posypie \u015blisk\u0105 nawierzchni\u0119 \u2013 zapewnia Maja Grohman.<\/p>\n<p>Rzecznik przyznaje, \u017ce problem z pewno\u015bci\u0105 b\u0119dzie si\u0119 powtarza\u0142. \u2013 Pola s\u0105 zamarzni\u0119te i nie przyjmuj\u0105 ju\u017c wody, dlatego wszystko sp\u0142ywa na drog\u0119. W naszej gestii jest utrzymanie drogi i b\u0119dziemy pilnowa\u0107, by by\u0142a przejezdna. Konieczna jest jednak przebudowa tej trasy \u2013 zaznacza.<\/p>\n<p>Maja Grohman przypomina te\u017c mieszka\u0144com gminy, \u017ceby zg\u0142asza\u0107 w urz\u0119dzie wszystkie problemy drogowe. Mo\u017cna to zrobi\u0107 w specjalnie powo\u0142anym referacie dr\u00f3g.<\/p>\n\n\t\t<style type=\"text\/css\">\n\t\t\t#gallery-1 {\n\t\t\t\tmargin: auto;\n\t\t\t}\n\t\t\t#gallery-1 .gallery-item {\n\t\t\t\tfloat: left;\n\t\t\t\tmargin-top: 10px;\n\t\t\t\ttext-align: center;\n\t\t\t\twidth: 33%;\n\t\t\t}\n\t\t\t#gallery-1 img {\n\t\t\t\tborder: 2px solid #cfcfcf;\n\t\t\t}\n\t\t\t#gallery-1 .gallery-caption {\n\t\t\t\tmargin-left: 0;\n\t\t\t}\n\t\t\t\/* see gallery_shortcode() in wp-includes\/media.php *\/\n\t\t<\/style>\n\t\t<div id='gallery-1' class='gallery galleryid-2282 gallery-columns-3 gallery-size-thumbnail'><dl class='gallery-item'>\n\t\t\t<dt class='gallery-icon landscape'>\n\t\t\t\t<a href='http:\/\/test.pieszkow.hostilla.pl\/wp-content\/uploads\/2017\/02\/droga-Osiek-Pieszk\u00f3w5.jpg'><img loading=\"lazy\" decoding=\"async\" width=\"150\" height=\"150\" src=\"http:\/\/test.pieszkow.hostilla.pl\/wp-content\/uploads\/2017\/02\/droga-Osiek-Pieszk\u00f3w5-150x150.jpg\" class=\"attachment-thumbnail size-thumbnail\" alt=\"\" \/><\/a>\n\t\t\t<\/dt><\/dl><dl class='gallery-item'>\n\t\t\t<dt class='gallery-icon landscape'>\n\t\t\t\t<a href='http:\/\/test.pieszkow.hostilla.pl\/wp-content\/uploads\/2017\/02\/droga-Osiek-Pieszk\u00f3w3.jpg'><img loading=\"lazy\" decoding=\"async\" width=\"150\" height=\"150\" src=\"http:\/\/test.pieszkow.hostilla.pl\/wp-content\/uploads\/2017\/02\/droga-Osiek-Pieszk\u00f3w3-150x150.jpg\" class=\"attachment-thumbnail size-thumbnail\" alt=\"\" \/><\/a>\n\t\t\t<\/dt><\/dl><dl class='gallery-item'>\n\t\t\t<dt class='gallery-icon landscape'>\n\t\t\t\t<a href='http:\/\/test.pieszkow.hostilla.pl\/wp-content\/uploads\/2017\/02\/droga-Osiek-Pieszk\u00f3w1.jpg'><img loading=\"lazy\" decoding=\"async\" width=\"150\" height=\"150\" src=\"http:\/\/test.pieszkow.hostilla.pl\/wp-content\/uploads\/2017\/02\/droga-Osiek-Pieszk\u00f3w1-150x150.jpg\" class=\"attachment-thumbnail size-thumbnail\" alt=\"\" \/><\/a>\n\t\t\t<\/dt><\/dl><br style=\"clear: both\" \/>\n\t\t<\/div>\n\n<p>\u017ar\u00f3d\u0142o: lubin.pl<\/p>\n<p style=\"text-align: center; font-size: 2em; margin-top: 0px;\"><span style=\"color: #993300;\">***********<\/span><\/p>\n<p style=\"text-align: left;\">03.02.2017<\/p>\n<p style=\"text-align: center;\"><span style=\"text-decoration: underline;\"><strong>CO DALEJ Z GMINNYM GIMNAZJUM ?<\/strong><\/span><\/p>\n<p style=\"text-align: center;\"><a href=\"http:\/\/test.pieszkow.hostilla.pl\/wp-content\/uploads\/2017\/02\/Gimnazjum-nr-1.jpg\"><img loading=\"lazy\" decoding=\"async\" width=\"250\" height=\"166\" class=\"alignnone size-medium wp-image-3134\" src=\"http:\/\/test.pieszkow.hostilla.pl\/wp-content\/uploads\/2017\/02\/Gimnazjum-nr-1-250x166.jpg\" alt=\"\" srcset=\"http:\/\/test.pieszkow.hostilla.pl\/wp-content\/uploads\/2017\/02\/Gimnazjum-nr-1-250x166.jpg 250w, http:\/\/test.pieszkow.hostilla.pl\/wp-content\/uploads\/2017\/02\/Gimnazjum-nr-1-120x80.jpg 120w, http:\/\/test.pieszkow.hostilla.pl\/wp-content\/uploads\/2017\/02\/Gimnazjum-nr-1.jpg 256w\" sizes=\"auto, (max-width: 250px) 100vw, 250px\" \/><\/a><\/p>\n<p><strong><hr class=\"wc-shortcodes-spacing \" style=\"height: 10px\" \/><\/strong>Od wrze\u015bnia uczniowie Gimnazjum Gminnego niestety nie b\u0119d\u0105 mogli kontynuowa\u0107 nauki w obecnym miejscu.<\/p>\n<p>Do ko\u0144ca bie\u017c\u0105cego roku obowi\u0105zuje umowa z gmin\u0105 miejsk\u0105 Lubin na dzier\u017caw\u0119 pomieszcze\u0144 Gimnazjum nr 1. Ta umowa zosta\u0142a nam wypowiedziana \u2013 informuje Maja Grohman, rzecznik prasowy w\u00f3jta Tadeusza Kielana.<\/p>\n<p>Dla gminy oznacza to, \u017ce musi znale\u017a\u0107 now\u0105 siedzib\u0119 dla dw\u00f3ch rocznik\u00f3w gimnazjum \u2013 drugiej i trzeciej klasy. Naboru do pierwszej ju\u017c nie b\u0119dzie, bo \u2013 zgodnie z rewolucj\u0105 o\u015bwiatow\u0105 \u2013 gimnazja maj\u0105 by\u0107 zlikwidowane.<\/p>\n<p>\u2013 Szukamy budynku, w kt\u00f3rym uczniowie drugiej i trzeciej klasy b\u0119d\u0105 mogli doko\u0144czy\u0107 edukacj\u0119. Na pewno b\u0119dzie to jaki\u015b budynek w Lubinie, obecnie prowadzimy rozmowy z w\u0142a\u015bcicielami kilku obiekt\u00f3w \u2013 dodaje Maja Grohman.<\/p>\n<p>\u017ar\u00f3d\u0142o: lubin.pl<\/p>\n<p style=\"text-align: center; font-size: 2em; margin-top: 0px;\"><span style=\"color: #993300;\">***********<\/span><\/p>\n<p style=\"text-align: left;\">01.02.2017<\/p>\n<p style=\"text-align: center;\"><span style=\"text-decoration: underline;\"><strong>ZMIANY W PIT w 2017 ROKU<br \/>\n<\/strong><\/span><\/p>\n<p style=\"text-align: center;\"><a href=\"http:\/\/test.pieszkow.hostilla.pl\/wp-content\/uploads\/2017\/02\/PIT1.jpg\"><img loading=\"lazy\" decoding=\"async\" width=\"250\" height=\"188\" class=\"alignnone size-medium wp-image-3126\" src=\"http:\/\/test.pieszkow.hostilla.pl\/wp-content\/uploads\/2017\/02\/PIT1-250x188.jpg\" alt=\"\" srcset=\"http:\/\/test.pieszkow.hostilla.pl\/wp-content\/uploads\/2017\/02\/PIT1-250x188.jpg 250w, http:\/\/test.pieszkow.hostilla.pl\/wp-content\/uploads\/2017\/02\/PIT1-120x90.jpg 120w, http:\/\/test.pieszkow.hostilla.pl\/wp-content\/uploads\/2017\/02\/PIT1.jpg 256w\" sizes=\"auto, (max-width: 250px) 100vw, 250px\" \/><\/a><\/p>\n<p style=\"text-align: left;\"><strong><hr class=\"wc-shortcodes-spacing \" style=\"height: 10px\" \/><\/strong>W tym roku b\u0119dziemy wype\u0142nia\u0107 PIT na nowych arkuszach. Pozosta\u0142e zmiany dotycz\u0105 g\u0142\u00f3wnie nowych wzor\u00f3w formularzy oraz modyfikacji niekt\u00f3rych procedur.<\/p>\n<p style=\"text-align: left;\">Zmiany dotycz\u0105 m.in. wzor\u00f3w deklaracji: PIT-2, PIT-2A, PIT-2K, PIT-3, PIT-12, PIT-4R, PIT-6, PIT-8AR, PIT-8C, PIT-11, PIT-R, PIT-16, PIT-16A, PIT-19A, PIT-28, PIT-36, PIT-36 L, PIT-37, PIT-38, PIT-39 i PIT-40. Niewielkiej modyfikacji ulegn\u0105 tak\u017ce za\u0142\u0105czniki: PIT-O, PIT-D, PIT-M, PIT-B, PIT-Z oraz PIT-ZG.<\/p>\n<p style=\"text-align: left;\">Nowo\u015bci\u0105 w 2016 roku jest program 500+. \u015awiadczenia rodzinne, dodatki piel\u0119gnacyjne, zasi\u0142ki dla opiekun\u00f3w, zasi\u0142ki porodowe czy \u015bwiadczenia wychowawcze w ramach pomocy pa\u0144stwa w opiece nad dzie\u0107mi pozostaj\u0105 zwolnione z opodatkowania za rok 2016. W deklaracjach rocznych nie trzeba wi\u0119c odnotowywa\u0107 sum otrzymanych w ramach rz\u0105dowego programu.<\/p>\n<p style=\"text-align: left;\">Opodatkowywa\u0107 i wykazywa\u0107 w rocznej deklaracji PIT nie trzeba tak\u017ce jednorazowych dodatk\u00f3w do emerytur lub renty. Takie kwoty nie powinny te\u017c by\u0107 rozliczane przez ZUS na formularzach PIT-40 i PIT-11A. W deklaracjach nie trzeba te\u017c ujmowa\u0107 zasi\u0142k\u00f3w macierzy\u0144skich z KRUS oraz wsparcia otrzymanego z zak\u0142adowego funduszu \u015bwiadcze\u0144 socjalnych, zwi\u0105zanych z pobytem dzieci w \u017c\u0142obkach czy przedszkolach.<\/p>\n<p style=\"text-align: left;\">Ostatni termin przed\u0142o\u017cenia fiskusowi zezna\u0144 podatkowych przypada w tym roku na 2 maja.<\/p>\n<p style=\"text-align: center; font-size: 2em; margin-top: 0px;\"><span style=\"color: #993300;\">***********<\/span><\/p>\n<p style=\"text-align: left;\">23.01.2017<\/p>\n<p style=\"text-align: center;\"><span style=\"text-decoration: underline;\"><strong>ROZLICZENIE IMPREZY SYLWESTROWEJ<br \/>\n<\/strong><\/span><\/p>\n<p style=\"text-align: left;\"><strong><hr class=\"wc-shortcodes-spacing \" style=\"height: 10px\" \/><\/strong>Osoby, kt\u00f3re bawi\u0142y si\u0119 na balu sylwestrowym w \u015bwietlicy w Pieszkowie mog\u0105 ju\u017c odbiera\u0107 pieni\u0105dze, kt\u00f3re pozosta\u0142y po rozliczeniu ca\u0142ej imprezy sylwestrowej. Do zwrotu na par\u0119<br \/>\nzosta\u0142o po 8 z\u0142.<br \/>\nOsoby, kt\u00f3re zechc\u0105 odebra\u0107 pieni\u0105dze, b\u0119d\u0105 mog\u0142y to uczyni\u0107 do dnia 05.02.2017.<br \/>\nPo tym czasie pozosta\u0142a kwota decyzj\u0105 organizator\u00f3w i za zgod\u0105 uczestnik\u00f3w imprezy zostanie przekazana Radzie So\u0142eckiej i b\u0119dzie wykorzystana w pierwszej kolejno\u015bci na doposa\u017cenie naszej \u015bwietlicy w notebooka lub o\u015bwietlenie na imprezy.<\/p>\n<p style=\"text-align: center; font-size: 2em; margin-top: 0px;\"><span style=\"color: #993300;\">***********<\/span><\/p>\n<p style=\"text-align: left;\">19.01.2017<\/p>\n<p style=\"text-align: center;\"><span style=\"text-decoration: underline;\"><strong>GMINA LUBIN CORAZ BOGATSZA<br \/>\n<\/strong><\/span><\/p>\n<p style=\"text-align: center;\"><a href=\"http:\/\/test.pieszkow.hostilla.pl\/wp-content\/uploads\/2017\/01\/ranking-gmin-766x296.jpg\"><img loading=\"lazy\" decoding=\"async\" class=\"alignnone wp-image-3098\" src=\"http:\/\/test.pieszkow.hostilla.pl\/wp-content\/uploads\/2017\/01\/ranking-gmin-766x296-250x97.jpg\" alt=\"\" width=\"312\" height=\"121\" srcset=\"http:\/\/test.pieszkow.hostilla.pl\/wp-content\/uploads\/2017\/01\/ranking-gmin-766x296-250x97.jpg 250w, http:\/\/test.pieszkow.hostilla.pl\/wp-content\/uploads\/2017\/01\/ranking-gmin-766x296-700x270.jpg 700w, http:\/\/test.pieszkow.hostilla.pl\/wp-content\/uploads\/2017\/01\/ranking-gmin-766x296-120x46.jpg 120w, http:\/\/test.pieszkow.hostilla.pl\/wp-content\/uploads\/2017\/01\/ranking-gmin-766x296.jpg 766w\" sizes=\"auto, (max-width: 312px) 100vw, 312px\" \/><\/a><\/p>\n<p style=\"text-align: left;\"><strong><hr class=\"wc-shortcodes-spacing \" style=\"height: 10px\" \/><\/strong>Gmina Lubin uplasowa\u0142a si\u0119 na wysokim 29. miejscu w rankingu \u201enajbogatszych<br \/>\ni najbiedniejszych gmin w Polsce\u201d. Ministerstwo Finans\u00f3w co roku publikuje wska\u017aniki dochod\u00f3w podatkowych w przeliczeniu na jednego mieszka\u0144ca dla poszczeg\u00f3lnych gmin. Ranking Ministerstwa Finans\u00f3w obejmuje 2478 gmin.<br \/>\nPor\u00f3wnuj\u0105c opublikowane dane z danymi za zesz\u0142y rok, Gmina Lubin awansowa\u0142a z 34 miejsca na miejsce 29.<\/p>\n<p style=\"text-align: center; font-size: 2em; margin-top: 0px;\"><span style=\"color: #993300;\">***********<\/span><\/p>\n<p style=\"text-align: left;\">18.01.2017<\/p>\n<p style=\"text-align: center;\"><span style=\"text-decoration: underline;\"><strong>UWAGA NA FA\u0141SZYWEGO SMS-a<br \/>\n<\/strong><\/span><\/p>\n<p style=\"text-align: center;\"><a href=\"http:\/\/test.pieszkow.hostilla.pl\/wp-content\/uploads\/2017\/01\/krew-czy\u017c-728x410.jpg\"><img loading=\"lazy\" decoding=\"async\" width=\"250\" height=\"141\" class=\"alignnone size-medium wp-image-3095\" src=\"http:\/\/test.pieszkow.hostilla.pl\/wp-content\/uploads\/2017\/01\/krew-czy\u017c-728x410-250x141.jpg\" alt=\"\" srcset=\"http:\/\/test.pieszkow.hostilla.pl\/wp-content\/uploads\/2017\/01\/krew-czy\u017c-728x410-250x141.jpg 250w, http:\/\/test.pieszkow.hostilla.pl\/wp-content\/uploads\/2017\/01\/krew-czy\u017c-728x410-700x394.jpg 700w, http:\/\/test.pieszkow.hostilla.pl\/wp-content\/uploads\/2017\/01\/krew-czy\u017c-728x410-120x68.jpg 120w, http:\/\/test.pieszkow.hostilla.pl\/wp-content\/uploads\/2017\/01\/krew-czy\u017c-728x410.jpg 728w\" sizes=\"auto, (max-width: 250px) 100vw, 250px\" \/><\/a><\/p>\n<p style=\"text-align: left;\"><strong><hr class=\"wc-shortcodes-spacing \" style=\"height: 10px\" \/> \u201ePotrzebna jest krew dla dziecka chorego na bia\u0142aczk\u0119 \u2013 to bardzo rzadka grupa krwi: BRh minus. Kontakt Marzena Czy\u017c tel.: 515 250 700\u201d. Nie dajcie si\u0119 nabra\u0107, to zwyk\u0142y \u0142a\u0144cuszek.<\/strong><\/p>\n<p style=\"text-align: left;\">Tre\u015b\u0107 SMS-a kr\u0105\u017cy ju\u017c od dw\u00f3ch lat . Pod podanym w wiadomo\u015bci numerem nikt nie odbiera. Automatyczna sekretarka informuje jedynie o przepe\u0142nionej skrzynce g\u0142osowej. Niejednokrotnie pr\u00f3bowano ustali\u0107, o jakim dziecku mowa i kim jest Marzena Czy\u017c. Wed\u0142ug jednej wersji pierwotny apel by\u0142 prawdziwy, a chor\u0105 dziewczynk\u0119 w 2015 r. w\u0142a\u015bnie dzi\u0119ki SMS-owej akcji uda\u0142o si\u0119 uratowa\u0107. W innej wersji, pani Marzena to pracownica banku, kt\u00f3rej zrobiono niewybredny dowcip, w wyniku kt\u00f3rego ona sama musia\u0142a zmieni\u0107 numer telefonu.<br \/>\n\u201e\u017bart\u201d przetrwa\u0142 do dzi\u015b w formie \u0142a\u0144cuszka, powielany zapewne w dobrej wierze przez nie\u015bwiadomych internaut\u00f3w i u\u017cytkownik\u00f3w telefon\u00f3w kom\u00f3rkowych.<\/p>\n<p style=\"text-align: left;\">\u017ar\u00f3d\u0142o: lubin.pl<\/p>\n<p style=\"text-align: center; font-size: 2em; margin-top: 0px;\"><span style=\"color: #993300;\">***********<\/span><\/p>\n<p style=\"text-align: left;\">03.01.2017<\/p>\n<p style=\"text-align: center;\"><span style=\"text-decoration: underline;\"><strong>ZABAWA SYLWESTROWA W PIESZKOWIE<br \/>\n<\/strong><\/span><\/p>\n<p style=\"text-align: center;\"><a href=\"http:\/\/test.pieszkow.hostilla.pl\/wp-content\/uploads\/2017\/01\/sylwester2016.jpg\"><img loading=\"lazy\" decoding=\"async\" width=\"250\" height=\"181\" class=\"alignnone size-medium wp-image-3084\" src=\"http:\/\/test.pieszkow.hostilla.pl\/wp-content\/uploads\/2017\/01\/sylwester2016-250x181.jpg\" alt=\"\" srcset=\"http:\/\/test.pieszkow.hostilla.pl\/wp-content\/uploads\/2017\/01\/sylwester2016-250x181.jpg 250w, http:\/\/test.pieszkow.hostilla.pl\/wp-content\/uploads\/2017\/01\/sylwester2016-120x87.jpg 120w, http:\/\/test.pieszkow.hostilla.pl\/wp-content\/uploads\/2017\/01\/sylwester2016.jpg 600w\" sizes=\"auto, (max-width: 250px) 100vw, 250px\" \/><\/a><\/p>\n<p style=\"text-align: left;\"><strong><hr class=\"wc-shortcodes-spacing \" style=\"height: 10px\" \/> <\/strong>Prawie do bia\u0142ego rana bawili si\u0119 mieszka\u0144cy Pieszkowa w ostatni\u0105 noc roku 2016. Zabawa na dobre rozpocz\u0119\u0142a si\u0119 o godz. 20.00 i nawet nie wiadomo kiedy wybi\u0142a godz. 24.00. A jak p\u00f3\u0142noc to wiadomo &#8211; sk\u0142adanie \u017cycze\u0144 i pokaz fajerwerk\u00f3w. Zreszt\u0105 sami zobaczcie jak bawili si\u0119 mieszka\u0144cy Pieszkowa.<\/p>\n<p style=\"text-align: center;\"><a href=\"http:\/\/test.pieszkow.hostilla.pl\/?page_id=2995&amp;preview=true\"><span style=\"color: #800000;\"><em><strong>Galeria zdj\u0119\u0107 <\/strong><\/em><\/span><\/a><a href=\"http:\/\/test.pieszkow.hostilla.pl\/?page_id=2995\"><span style=\"color: #800000;\"><em><strong><img loading=\"lazy\" decoding=\"async\" class=\"alignnone wp-image-1906\" src=\"http:\/\/test.pieszkow.hostilla.pl\/wp-content\/uploads\/2016\/06\/stra\u0142ka1.png\" alt=\"\" width=\"28\" height=\"28\" srcset=\"http:\/\/test.pieszkow.hostilla.pl\/wp-content\/uploads\/2016\/06\/stra\u0142ka1.png 200w, http:\/\/test.pieszkow.hostilla.pl\/wp-content\/uploads\/2016\/06\/stra\u0142ka1-150x150.png 150w, http:\/\/test.pieszkow.hostilla.pl\/wp-content\/uploads\/2016\/06\/stra\u0142ka1-120x120.png 120w\" sizes=\"auto, (max-width: 28px) 100vw, 28px\" \/><\/strong><\/em><\/span><\/a><\/p>\n<p style=\"text-align: center; font-size: 2em; margin-top: 0px;\"><span style=\"color: #993300;\">***********<\/span><\/p>\n<p style=\"text-align: left;\">02.01.2017<\/p>\n<p style=\"text-align: center;\"><span style=\"text-decoration: underline;\"><strong>NOWY HARMONOGRAM ODBIORU ODPAD\u00d3W<br \/>\n<\/strong><\/span><\/p>\n<p style=\"text-align: center;\"><a href=\"http:\/\/test.pieszkow.hostilla.pl\/wp-content\/uploads\/2017\/01\/odpady.jpg\"><img loading=\"lazy\" decoding=\"async\" width=\"250\" height=\"120\" class=\"alignnone size-medium wp-image-2987\" src=\"http:\/\/test.pieszkow.hostilla.pl\/wp-content\/uploads\/2017\/01\/odpady-250x120.jpg\" alt=\"\" srcset=\"http:\/\/test.pieszkow.hostilla.pl\/wp-content\/uploads\/2017\/01\/odpady-250x120.jpg 250w, http:\/\/test.pieszkow.hostilla.pl\/wp-content\/uploads\/2017\/01\/odpady-120x58.jpg 120w, http:\/\/test.pieszkow.hostilla.pl\/wp-content\/uploads\/2017\/01\/odpady.jpg 324w\" sizes=\"auto, (max-width: 250px) 100vw, 250px\" \/><\/a><\/p>\n<p style=\"text-align: center;\"><strong><hr class=\"wc-shortcodes-spacing \" style=\"height: 10px\" \/><\/strong><\/p>\n<p><center>W zak\u0142adce -ODPADY HARMONOGRAM- zamieszczamy nowy harmonogram odbioru odpad\u00f3w w roku 2017.<\/center><center>Nowy harmonogram obejmuje na razie miesi\u0105ce stycze\u0144,luty i marzec.<br \/>\nJak tylko pojawi si\u0119 na pozosta\u0142e miesi\u0105ce roku 2017 to zamie\u015bcimy go na naszej stronie i nie zapomnimy poinformowa\u0107 Was o tym.<\/center><\/p>\n<p style=\"text-align: center; font-size: 2em; margin-top: 0px;\"><span style=\"color: #993300;\">***********<\/span><\/p>\n<p style=\"text-align: left;\">24.12.2016<\/p>\n<p style=\"text-align: center;\"><span style=\"text-decoration: underline;\"><strong>KO\u015aCI\u00d3\u0141 PRZYGOTOWANY NA \u015aWI\u0118TA BO\u017bEGO NARODZENIA<\/strong><\/span><\/p>\n<p style=\"text-align: center;\"><a href=\"http:\/\/test.pieszkow.hostilla.pl\/wp-content\/uploads\/2016\/12\/DSC_0129.jpg\"><img loading=\"lazy\" decoding=\"async\" class=\"alignnone wp-image-2973\" src=\"http:\/\/test.pieszkow.hostilla.pl\/wp-content\/uploads\/2016\/12\/DSC_0129-250x376.jpg\" alt=\"\" width=\"148\" height=\"222\" srcset=\"http:\/\/test.pieszkow.hostilla.pl\/wp-content\/uploads\/2016\/12\/DSC_0129-250x376.jpg 250w, http:\/\/test.pieszkow.hostilla.pl\/wp-content\/uploads\/2016\/12\/DSC_0129-768x1156.jpg 768w, http:\/\/test.pieszkow.hostilla.pl\/wp-content\/uploads\/2016\/12\/DSC_0129-700x1054.jpg 700w, http:\/\/test.pieszkow.hostilla.pl\/wp-content\/uploads\/2016\/12\/DSC_0129-120x181.jpg 120w, http:\/\/test.pieszkow.hostilla.pl\/wp-content\/uploads\/2016\/12\/DSC_0129.jpg 800w\" sizes=\"auto, (max-width: 148px) 100vw, 148px\" \/><\/a><\/p>\n<p style=\"text-align: center;\"><strong><hr class=\"wc-shortcodes-spacing \" style=\"height: 10px\" \/><\/strong><\/p>\n<p><center>Szopka zosta\u0142a ustawiona ju\u017c w czwartek. W pi\u0105tek zosta\u0142y ubrane choinki.<br \/>\nKo\u015bci\u00f3\u0142 w Pieszkowie jest gotowy na \u015bwi\u0119ta Bo\u017cego Narodzenia.<\/center><\/p>\n<p style=\"text-align: center;\"><em><span style=\"color: #993300;\"><strong><a style=\"color: #993300;\" href=\"http:\/\/test.pieszkow.hostilla.pl\/?page_id=686\">Tak wygl\u0105da\u0142o przygotowywanie ko\u015bcio\u0142a przez mieszka\u0144c\u00f3w<\/a><\/strong><\/span><\/em><\/p>\n<p style=\"text-align: center; font-size: 2em; margin-top: 0px;\"><span style=\"color: #993300;\">***********<\/span><\/p>\n<p style=\"text-align: left;\">23.12.2016<\/p>\n<p style=\"text-align: center;\"><span style=\"text-decoration: underline;\"><strong>\u015aWI\u0104TECZNY ROZK\u0141AD JAZDY AUTOBUSU 104<br \/>\n<\/strong><\/span><\/p>\n<p style=\"text-align: center;\"><a href=\"http:\/\/test.pieszkow.hostilla.pl\/wp-content\/uploads\/2016\/12\/autobus.jpg\"><img loading=\"lazy\" decoding=\"async\" width=\"250\" height=\"139\" class=\"alignnone size-medium wp-image-2946\" src=\"http:\/\/test.pieszkow.hostilla.pl\/wp-content\/uploads\/2016\/12\/autobus-250x139.jpg\" alt=\"\" srcset=\"http:\/\/test.pieszkow.hostilla.pl\/wp-content\/uploads\/2016\/12\/autobus-250x139.jpg 250w, http:\/\/test.pieszkow.hostilla.pl\/wp-content\/uploads\/2016\/12\/autobus-120x67.jpg 120w, http:\/\/test.pieszkow.hostilla.pl\/wp-content\/uploads\/2016\/12\/autobus.jpg 400w\" sizes=\"auto, (max-width: 250px) 100vw, 250px\" \/><\/a><\/p>\n<p style=\"text-align: center;\"><strong><hr class=\"wc-shortcodes-spacing \" style=\"height: 10px\" \/><\/strong><\/p>\n<p><center>W Wigili\u0119 i Sylwestra linia 104 b\u0119dzie kursowa\u0142a tak jak w sobot\u0119.<\/center><center>Podczas \u015bwi\u0105t, 25 i 26 grudnia oraz 1 stycznia linia 104 nie b\u0119dzie kursowa\u0142a.<\/center><\/p>\n<p style=\"text-align: center; font-size: 2em; margin-top: 0px;\"><span style=\"color: #993300;\">***********<\/span><\/p>\n<p>23.12.2016<\/p>\n<p style=\"text-align: center;\"><span style=\"text-decoration: underline;\"><strong>OD 01.01.2017 WYCINKA DRZEW NA W\u0141ASNEJ POSESJI BEZ ZEZWOLENIA<\/strong><\/span><strong><br \/>\n<\/strong><\/p>\n<p style=\"text-align: center;\"><a href=\"http:\/\/test.pieszkow.hostilla.pl\/wp-content\/uploads\/2016\/12\/wycinka.jpg\"><img loading=\"lazy\" decoding=\"async\" width=\"250\" height=\"188\" class=\"alignnone size-medium wp-image-2944\" src=\"http:\/\/test.pieszkow.hostilla.pl\/wp-content\/uploads\/2016\/12\/wycinka-250x188.jpg\" alt=\"\" srcset=\"http:\/\/test.pieszkow.hostilla.pl\/wp-content\/uploads\/2016\/12\/wycinka-250x188.jpg 250w, http:\/\/test.pieszkow.hostilla.pl\/wp-content\/uploads\/2016\/12\/wycinka-120x90.jpg 120w, http:\/\/test.pieszkow.hostilla.pl\/wp-content\/uploads\/2016\/12\/wycinka.jpg 400w\" sizes=\"auto, (max-width: 250px) 100vw, 250px\" \/><\/a><\/p>\n<p><strong><hr class=\"wc-shortcodes-spacing \" style=\"height: 10px\" \/><\/strong>Od nowego roku b\u0119dzie mo\u017cna wycina\u0107 drzewa na prywatnej posesji bez pozwolenia. Ustaw\u0119<br \/>\no zmianie ustawy o ochronie przyrody oraz ustawy o lasach przeg\u0142osowa\u0142 Sejm tydzie\u0144 temu<br \/>\ni bez poprawek przyj\u0105\u0142 Senat. Dokument czeka na podpis prezydenta.<\/p>\n<p><span id=\"ctl00_ctl00_ctl00_ContentPlaceHolder1_ContentPlaceHolder1_Section01_ctl01_lblContent\">Ustawa znosi konieczno\u015b\u0107 wyst\u0119powania os\u00f3b fizycznych z wnioskiem do gminy o zgod\u0119 na usuni\u0119cie drzewa.<\/span><\/p>\n<p>Obecne przepisy wymagaj\u0105 od w\u0142a\u015bciciela dzia\u0142ki wyst\u0105pienia do w\u00f3jta, burmistrza, prezydenta miasta o zezwolenie na wyci\u0119cie drzewa.<\/p>\n<p>&nbsp;<\/p>\n<p style=\"text-align: center; font-size: 2em; margin-top: 0px;\"><span style=\"color: #993300;\">***********<\/span><\/p>\n<p>21.12.2016<\/p>\n<p style=\"text-align: center;\"><span style=\"text-decoration: underline;\"><strong>PRZYGOTOWANIA W KO\u015aCIELE DO \u015aWI\u0104T BO\u017bEGO NARODZENIA<\/strong><\/span><strong><br \/>\n<\/strong><\/p>\n<p style=\"text-align: center;\"><a href=\"http:\/\/test.pieszkow.hostilla.pl\/wp-content\/uploads\/2016\/12\/szopka.jpg\"><img loading=\"lazy\" decoding=\"async\" width=\"250\" height=\"166\" class=\"size-medium wp-image-2938 aligncenter\" src=\"http:\/\/test.pieszkow.hostilla.pl\/wp-content\/uploads\/2016\/12\/szopka-250x166.jpg\" alt=\"\" srcset=\"http:\/\/test.pieszkow.hostilla.pl\/wp-content\/uploads\/2016\/12\/szopka-250x166.jpg 250w, http:\/\/test.pieszkow.hostilla.pl\/wp-content\/uploads\/2016\/12\/szopka-768x510.jpg 768w, http:\/\/test.pieszkow.hostilla.pl\/wp-content\/uploads\/2016\/12\/szopka-700x465.jpg 700w, http:\/\/test.pieszkow.hostilla.pl\/wp-content\/uploads\/2016\/12\/szopka-120x80.jpg 120w, http:\/\/test.pieszkow.hostilla.pl\/wp-content\/uploads\/2016\/12\/szopka.jpg 800w\" sizes=\"auto, (max-width: 250px) 100vw, 250px\" \/><\/a><\/p>\n<p style=\"text-align: center;\"><strong><hr class=\"wc-shortcodes-spacing \" style=\"height: 10px\" \/> <\/strong><\/p>\n<p><center>Szopka ju\u017c jest. W czwartek przywioz\u0105 choinki, a w pi\u0105tek b\u0119d\u0105 ubierane.<\/center>Wszystkich ch\u0119tnych, kt\u00f3rzy b\u0119d\u0105 chcieli nam w tym pom\u00f3c zapraszamy w pi\u0105tek 23.12.2016 od godz. 11.00<\/p>\n<p>Osoby, kt\u00f3re chc\u0105 skorzysta\u0107 ze spowiedzi przed zbli\u017caj\u0105cymi si\u0119 \u015bwi\u0119tami przypominamy, \u017ce w czwartek 22.12.1016 od godz. 17.30 do godz. 18.00, b\u0119d\u0105 mog\u0142y to zrobi\u0107 w naszym ko\u015bciele.<\/p>\n<p style=\"text-align: center; font-size: 2em; margin-top: 0px;\"><span style=\"color: #993300;\">***********<\/span><\/p>\n<p>13.12.2016<\/p>\n<p style=\"text-align: center;\"><span style=\"text-decoration: underline;\"><strong>MIKO\u0141AJ W PIESZKOWIE<\/strong><\/span><\/p>\n<p style=\"text-align: center;\"><a href=\"http:\/\/test.pieszkow.hostilla.pl\/wp-content\/uploads\/2016\/12\/DSC_1647.jpg\"><img loading=\"lazy\" decoding=\"async\" width=\"250\" height=\"166\" class=\"alignnone size-medium wp-image-2835\" src=\"http:\/\/test.pieszkow.hostilla.pl\/wp-content\/uploads\/2016\/12\/DSC_1647-250x166.jpg\" alt=\"\" srcset=\"http:\/\/test.pieszkow.hostilla.pl\/wp-content\/uploads\/2016\/12\/DSC_1647-250x166.jpg 250w, http:\/\/test.pieszkow.hostilla.pl\/wp-content\/uploads\/2016\/12\/DSC_1647-768x510.jpg 768w, http:\/\/test.pieszkow.hostilla.pl\/wp-content\/uploads\/2016\/12\/DSC_1647-700x465.jpg 700w, http:\/\/test.pieszkow.hostilla.pl\/wp-content\/uploads\/2016\/12\/DSC_1647-120x80.jpg 120w, http:\/\/test.pieszkow.hostilla.pl\/wp-content\/uploads\/2016\/12\/DSC_1647.jpg 800w\" sizes=\"auto, (max-width: 250px) 100vw, 250px\" \/><\/a><\/p>\n<p><strong><hr class=\"wc-shortcodes-spacing \" style=\"height: 10px\" \/><\/strong>W tym roku \u015bw. Miko\u0142aj ze \u015anie\u017cynk\u0105 zawitali do \u015bwietlicy w Pieszkowie w sobot\u0119 10.12.2016. Mali mieszka\u0144cy Pieszkowa czekali na nich z niecierpliwo\u015bci\u0105. Kiedy jednak ju\u017c Miko\u0142aj z saniami pe\u0142nymi prezent\u00f3w wjecha\u0142 do \u015bwietlicy to zabawa rozpocz\u0119\u0142a si\u0119 na dobre. Dzieci bardzo ch\u0119tnie bra\u0142y udzia\u0142 w konkursach i zabawach przygotowanych przez Miko\u0142aja. By\u0142y wy\u015bcigi przez g\u0105sienic\u0119, wsp\u00f3lne wi\u0105zanie balon\u00f3w, gry i zabawy z pi\u0142k\u0105. Na ko\u0144cu wszystkie dzieci otrzyma\u0142y od Miko\u0142aja to na co czeka\u0142y przez ca\u0142y dzie\u0144. Prezenty.<\/p>\n<p style=\"text-align: center;\"><a href=\"http:\/\/test.pieszkow.hostilla.pl\/?page_id=2806&amp;preview=true\"><em><strong>Galeria zdj\u0119\u0107 <\/strong><\/em><\/a><\/p>\n<p style=\"text-align: center; font-size: 2em; margin-top: 0px;\"><span style=\"color: #993300;\">***********<\/span><\/p>\n<p>12.12.2016<\/p>\n<p style=\"text-align: center;\"><span style=\"text-decoration: underline;\"><strong>\u00a0PIESZKOWIANKI ZDOBY\u0141Y III MIEJSCE<\/strong><\/span><\/p>\n<p style=\"text-align: center;\"><a href=\"http:\/\/test.pieszkow.hostilla.pl\/wp-content\/uploads\/2016\/12\/DSC_1483-3.jpg\"><img loading=\"lazy\" decoding=\"async\" class=\"alignnone wp-image-2792\" src=\"http:\/\/test.pieszkow.hostilla.pl\/wp-content\/uploads\/2016\/12\/DSC_1483-3-250x376.jpg\" alt=\"\" width=\"136\" height=\"204\" srcset=\"http:\/\/test.pieszkow.hostilla.pl\/wp-content\/uploads\/2016\/12\/DSC_1483-3-250x376.jpg 250w, http:\/\/test.pieszkow.hostilla.pl\/wp-content\/uploads\/2016\/12\/DSC_1483-3-768x1156.jpg 768w, http:\/\/test.pieszkow.hostilla.pl\/wp-content\/uploads\/2016\/12\/DSC_1483-3-700x1054.jpg 700w, http:\/\/test.pieszkow.hostilla.pl\/wp-content\/uploads\/2016\/12\/DSC_1483-3-120x181.jpg 120w, http:\/\/test.pieszkow.hostilla.pl\/wp-content\/uploads\/2016\/12\/DSC_1483-3.jpg 800w\" sizes=\"auto, (max-width: 136px) 100vw, 136px\" \/><\/a><\/p>\n<p><strong><hr class=\"wc-shortcodes-spacing \" style=\"height: 10px\" \/><\/strong>09.12.2016 w \u015bwietlicy w Krzeczynie Ma\u0142ym &#8222;Pieszkowianki&#8221; bior\u0105ce udzia\u0142 w konkursie \u201eTradycje Bo\u017conarodzeniowe\u201d zdoby\u0142y III miejsce. W\u015br\u00f3d smako\u0142yk\u00f3w przyrz\u0105dzonych przez nasze panie z Pieszkowa znalaz\u0142y si\u0119:\u00a0 &#8222;Wyluzowany kurczak o bogatym wn\u0119trzu&#8221;, &#8222;Grilowany dorsz na kapu\u015bcie kiszonej z prezentem od le\u015bniczego&#8221;, a na deser &#8222;Choinki w \u015bnie\u017cnych zaspach&#8221;.<\/p>\n<p>Rozstrzygni\u0119ty zosta\u0142 tak\u017ce konkurs plastyczny pt. &#8222;Kartka \u015awi\u0105teczna &#8211; Anio\u0142 Bo\u017conarodzeniowy 2016&#8221;. W\u015br\u00f3d nagrodzonych znalaz\u0142y si\u0119 tak\u017ce dzieci z Pieszkowa. <strong><br \/>\n<\/strong><\/p>\n<p style=\"text-align: center;\"><a href=\"http:\/\/test.pieszkow.hostilla.pl\/?page_id=2770&amp;preview=true\"><em><strong>Galeria zdj\u0119\u0107 z konkursu<\/strong><\/em><\/a><\/p>\n<p style=\"text-align: center; font-size: 2em; margin-top: 0px;\"><span style=\"color: #993300;\">***********<\/span><\/p>\n<p>11.12.2016<\/p>\n<p style=\"text-align: center;\"><span style=\"text-decoration: underline;\"><strong>UCZNIOWIE Z PIESZKOWA WYR\u00d3ZNIENI<\/strong><\/span><strong><br \/>\n<\/strong><\/p>\n<p><strong><hr class=\"wc-shortcodes-spacing \" style=\"height: 10px\" \/><\/strong>W pi\u0105tek\u00a0 09.12.2016 o godz. 15.00 w \u015bwietlicy wiejskiej w Oborze odby\u0142o si\u0119 uroczyste wr\u0119czenie stypendi\u00f3w dla uczni\u00f3w i student\u00f3w z Gminy Lubin.<\/p>\n<p>W tej edycji w\u015br\u00f3d nagrodzonych znalaz\u0142o si\u0119 a\u017c troje uczni\u00f3w\u00a0 z Pieszkowa.\u00a0 Dwie osoby zosta\u0142y nagrodzone za bardzo wysokie wyniki w nauce i jedna za osi\u0105gni\u0119cia sportowe.<\/p>\n<p>Z wyniki w nauce nagrodzeni zostali: Klaudia J\u0119drak i Mi\u0142osz Jarz\u0119bowski<\/p>\n<p>Za osi\u0105gni\u0119cia sportowe nagrod\u0119 odebra\u0142a Dominika Sw\u0119drak (<em>prosz\u0119 Dominik\u0119 o przys\u0142anie zdj\u0119cia z gali wr\u0119czenia stypendi\u00f3w)<\/em><\/p>\n<p>Wszystkim bardzo gratulujemy i \u017cyczymy dalszych sukces\u00f3w.<\/p>\n<p>Program stypendialny ma ju\u017c dwudziestoletni\u0105 tradycj\u0119. Celem jego jest uhonorowanie najzdolniejszych m\u0142odych mieszka\u0144c\u00f3w naszej Gminy.<\/p>\n<p>Osoby, kt\u00f3rym zosta\u0142y przyznane jednorazowe stypendia uzyska\u0142y bardzo wysokie wyniki w nauce. Kryteria jakie musia\u0142y spe\u0142nia\u0107 osoby ubiegaj\u0105ce si\u0119 o stypendium okre\u015blone s\u0105 w uchwale Rady Gminy z dnia 31 stycznia 2002r. w sprawie zasad przyznawania stypendi\u00f3w dla uczni\u00f3w i student\u00f3w.<\/p>\n\n\t\t<style type=\"text\/css\">\n\t\t\t#gallery-2 {\n\t\t\t\tmargin: auto;\n\t\t\t}\n\t\t\t#gallery-2 .gallery-item {\n\t\t\t\tfloat: left;\n\t\t\t\tmargin-top: 10px;\n\t\t\t\ttext-align: center;\n\t\t\t\twidth: 50%;\n\t\t\t}\n\t\t\t#gallery-2 img {\n\t\t\t\tborder: 2px solid #cfcfcf;\n\t\t\t}\n\t\t\t#gallery-2 .gallery-caption {\n\t\t\t\tmargin-left: 0;\n\t\t\t}\n\t\t\t\/* see gallery_shortcode() in wp-includes\/media.php *\/\n\t\t<\/style>\n\t\t<div id='gallery-2' class='gallery galleryid-2282 gallery-columns-2 gallery-size-medium'><dl class='gallery-item'>\n\t\t\t<dt class='gallery-icon landscape'>\n\t\t\t\t<a href='http:\/\/test.pieszkow.hostilla.pl\/wp-content\/uploads\/2016\/12\/STYPENDIA_1.jpg'><img loading=\"lazy\" decoding=\"async\" width=\"250\" height=\"166\" src=\"http:\/\/test.pieszkow.hostilla.pl\/wp-content\/uploads\/2016\/12\/STYPENDIA_1-250x166.jpg\" class=\"attachment-medium size-medium\" alt=\"\" srcset=\"http:\/\/test.pieszkow.hostilla.pl\/wp-content\/uploads\/2016\/12\/STYPENDIA_1-250x166.jpg 250w, http:\/\/test.pieszkow.hostilla.pl\/wp-content\/uploads\/2016\/12\/STYPENDIA_1-768x510.jpg 768w, http:\/\/test.pieszkow.hostilla.pl\/wp-content\/uploads\/2016\/12\/STYPENDIA_1-700x465.jpg 700w, http:\/\/test.pieszkow.hostilla.pl\/wp-content\/uploads\/2016\/12\/STYPENDIA_1-120x80.jpg 120w, http:\/\/test.pieszkow.hostilla.pl\/wp-content\/uploads\/2016\/12\/STYPENDIA_1.jpg 800w\" sizes=\"auto, (max-width: 250px) 100vw, 250px\" \/><\/a>\n\t\t\t<\/dt><\/dl><dl class='gallery-item'>\n\t\t\t<dt class='gallery-icon portrait'>\n\t\t\t\t<a href='http:\/\/test.pieszkow.hostilla.pl\/wp-content\/uploads\/2016\/12\/STYPENDIA_2.jpg'><img loading=\"lazy\" decoding=\"async\" width=\"199\" height=\"300\" src=\"http:\/\/test.pieszkow.hostilla.pl\/wp-content\/uploads\/2016\/12\/STYPENDIA_2-250x376.jpg\" class=\"attachment-medium size-medium\" alt=\"\" srcset=\"http:\/\/test.pieszkow.hostilla.pl\/wp-content\/uploads\/2016\/12\/STYPENDIA_2-250x376.jpg 250w, http:\/\/test.pieszkow.hostilla.pl\/wp-content\/uploads\/2016\/12\/STYPENDIA_2-120x181.jpg 120w, http:\/\/test.pieszkow.hostilla.pl\/wp-content\/uploads\/2016\/12\/STYPENDIA_2.jpg 510w\" sizes=\"auto, (max-width: 199px) 100vw, 199px\" \/><\/a>\n\t\t\t<\/dt><\/dl><br style=\"clear: both\" \/><dl class='gallery-item'>\n\t\t\t<dt class='gallery-icon landscape'>\n\t\t\t\t<a href='http:\/\/test.pieszkow.hostilla.pl\/wp-content\/uploads\/2016\/12\/STYPENDIA_3.jpg'><img loading=\"lazy\" decoding=\"async\" width=\"250\" height=\"166\" src=\"http:\/\/test.pieszkow.hostilla.pl\/wp-content\/uploads\/2016\/12\/STYPENDIA_3-250x166.jpg\" class=\"attachment-medium size-medium\" alt=\"\" srcset=\"http:\/\/test.pieszkow.hostilla.pl\/wp-content\/uploads\/2016\/12\/STYPENDIA_3-250x166.jpg 250w, http:\/\/test.pieszkow.hostilla.pl\/wp-content\/uploads\/2016\/12\/STYPENDIA_3-768x510.jpg 768w, http:\/\/test.pieszkow.hostilla.pl\/wp-content\/uploads\/2016\/12\/STYPENDIA_3-700x465.jpg 700w, http:\/\/test.pieszkow.hostilla.pl\/wp-content\/uploads\/2016\/12\/STYPENDIA_3-120x80.jpg 120w, http:\/\/test.pieszkow.hostilla.pl\/wp-content\/uploads\/2016\/12\/STYPENDIA_3.jpg 800w\" sizes=\"auto, (max-width: 250px) 100vw, 250px\" \/><\/a>\n\t\t\t<\/dt><\/dl>\n\t\t\t<br style='clear: both' \/>\n\t\t<\/div>\n\n<p style=\"text-align: center; font-size: 2em; margin-top: 0px;\"><span style=\"color: #993300;\">***********<\/span><\/p>\n<p>09.12.2016<\/p>\n<p style=\"text-align: center;\"><span style=\"text-decoration: underline;\"><strong>PIESZKOWIANKI WALCZ\u0104 O ZWYCI\u0118STWO<\/strong><\/span><\/p>\n<p><a href=\"http:\/\/test.pieszkow.hostilla.pl\/wp-content\/uploads\/2016\/12\/SLEATER-WIGILIJNY.jpg\"><img loading=\"lazy\" decoding=\"async\" width=\"250\" height=\"135\" class=\"size-medium wp-image-2754 aligncenter\" src=\"http:\/\/test.pieszkow.hostilla.pl\/wp-content\/uploads\/2016\/12\/SLEATER-WIGILIJNY-250x135.jpg\" alt=\"sleater-wigilijny\" srcset=\"http:\/\/test.pieszkow.hostilla.pl\/wp-content\/uploads\/2016\/12\/SLEATER-WIGILIJNY-250x135.jpg 250w, http:\/\/test.pieszkow.hostilla.pl\/wp-content\/uploads\/2016\/12\/SLEATER-WIGILIJNY-120x65.jpg 120w, http:\/\/test.pieszkow.hostilla.pl\/wp-content\/uploads\/2016\/12\/SLEATER-WIGILIJNY.jpg 552w\" sizes=\"auto, (max-width: 250px) 100vw, 250px\" \/><\/a><\/p>\n<p style=\"text-align: center;\"><em>na zdj\u0119ciu \u00a0fragment sto\u0142u wigilijnego Pieszkowianek z zesz\u0142ego roku<\/em><\/p>\n<p><strong><hr class=\"wc-shortcodes-spacing \" style=\"height: 10px\" \/><\/strong>Ju\u017c dzisiaj o godz. 17.00 w Krzeczynie Ma\u0142ym odb\u0119dzie si\u0119 kolejna edycja konkursu<\/p>\n<p><center><strong>\u201eTradycje Bo\u017conarodzeniowe\u201d<\/strong>.<\/center><center><\/center><strong><hr class=\"wc-shortcodes-spacing \" style=\"height: 10px\" \/><\/strong>Nasze panie \u00a0przygotuj\u0105 prezentacj\u0119 tradycyjnego sto\u0142u wigilijnego oraz trzech potraw<br \/>\nw kategoriach: potrawa postna, potrawa na dzie\u0144 \u015bwi\u0105teczny, deser bo\u017conarodzeniowy.<\/p>\n<p>Rozstrzygni\u0119ty zostanie tak\u017ce konkurs plastyczny na Kartk\u0119 Bo\u017conarodzeniow\u0105. W tym roku tematem przewodnim konkursu by\u0142 Anio\u0142.<\/p>\n<p>Podczas spotkania wyst\u0105pi\u0105 grupy wokalne dzia\u0142aj\u0105ce w O\u015brodku Kultury Gminy Lubin: STUDIO PIOSENKI \u0141A\u0141 i ZESP\u00d3\u0141 ISKRA.<\/p>\n<p>Wszystkich serdecznie zapraszamy.<\/p>\n<p style=\"text-align: center; font-size: 2em; margin-top: 0px;\"><span style=\"color: #993300;\">***********<\/span><\/p>\n<p>08.12.2016<\/p>\n<p style=\"text-align: center;\"><span style=\"text-decoration: underline;\"><strong>MIKO\u0141AJ ZAPRASZA DZIECI Z PIESZKOWA DO \u015aWIETLICY<br \/>\n<\/strong><\/span><\/p>\n<p style=\"text-align: center;\"><a href=\"http:\/\/test.pieszkow.hostilla.pl\/wp-content\/uploads\/2016\/12\/mikolaj__renifery__sanie.jpg\"><img loading=\"lazy\" decoding=\"async\" width=\"250\" height=\"156\" class=\"size-medium wp-image-2752 aligncenter\" src=\"http:\/\/test.pieszkow.hostilla.pl\/wp-content\/uploads\/2016\/12\/mikolaj__renifery__sanie-250x156.jpg\" alt=\"mikolaj__renifery__sanie\" srcset=\"http:\/\/test.pieszkow.hostilla.pl\/wp-content\/uploads\/2016\/12\/mikolaj__renifery__sanie-250x156.jpg 250w, http:\/\/test.pieszkow.hostilla.pl\/wp-content\/uploads\/2016\/12\/mikolaj__renifery__sanie-768x480.jpg 768w, http:\/\/test.pieszkow.hostilla.pl\/wp-content\/uploads\/2016\/12\/mikolaj__renifery__sanie-700x438.jpg 700w, http:\/\/test.pieszkow.hostilla.pl\/wp-content\/uploads\/2016\/12\/mikolaj__renifery__sanie-120x75.jpg 120w\" sizes=\"auto, (max-width: 250px) 100vw, 250px\" \/><\/a><\/p>\n<p style=\"text-align: justify;\"><strong><hr class=\"wc-shortcodes-spacing \" style=\"height: 10px\" \/><\/strong><\/p>\n<p style=\"text-align: center;\"><strong>SOBOTA 10.12.2016 O GODZ. 17.00<\/strong><\/p>\n<p style=\"text-align: center; font-size: 2em; margin-top: 0px;\"><span style=\"color: #993300;\">***********<\/span><\/p>\n<p style=\"text-align: left;\">26.11.2016<\/p>\n<p style=\"text-align: center;\"><span style=\"text-decoration: underline;\"><strong>ZMIANA LOKALIZACJI PRZYSTANK\u00d3W<br \/>\n<\/strong><\/span><\/p>\n<p style=\"text-align: center;\"><a href=\"http:\/\/test.pieszkow.hostilla.pl\/wp-content\/uploads\/2016\/11\/p\u0119tla-Pieszk\u00f3w.jpg\"><img loading=\"lazy\" decoding=\"async\" width=\"250\" height=\"148\" class=\"alignnone size-medium wp-image-2739\" src=\"http:\/\/test.pieszkow.hostilla.pl\/wp-content\/uploads\/2016\/11\/p\u0119tla-Pieszk\u00f3w-250x148.jpg\" alt=\"petla-pieszkow\" srcset=\"http:\/\/test.pieszkow.hostilla.pl\/wp-content\/uploads\/2016\/11\/p\u0119tla-Pieszk\u00f3w-250x148.jpg 250w, http:\/\/test.pieszkow.hostilla.pl\/wp-content\/uploads\/2016\/11\/p\u0119tla-Pieszk\u00f3w-120x71.jpg 120w, http:\/\/test.pieszkow.hostilla.pl\/wp-content\/uploads\/2016\/11\/p\u0119tla-Pieszk\u00f3w.jpg 300w\" sizes=\"auto, (max-width: 250px) 100vw, 250px\" \/><\/a><\/p>\n<p style=\"text-align: justify;\"><strong><hr class=\"wc-shortcodes-spacing \" style=\"height: 10px\" \/><\/strong><\/p>\n<p>Od poniedzia\u0142ku, 28 listopada, autobusy b\u0119d\u0105 zatrzymywa\u0142y si\u0119 na nowym przystanku, kt\u00f3ry zosta\u0142 wybudowany wraz z budow\u0105 chodnika. Dotychczasowe dwa przystanki, zostan\u0105 zlikwidowane.<\/p>\n<p>Z nowego przystanku autobusy b\u0119d\u0105 odje\u017cd\u017ca\u0142y w dw\u00f3ch kierunkach tj., w kierunku do Lubina oraz w kierunku Raszowej.<\/p>\n<p style=\"text-align: center; font-size: 2em; margin-top: 0px;\"><span style=\"color: #993300;\">***********<\/span><\/p>\n<p style=\"text-align: left;\">24.11.2016<\/p>\n<p style=\"text-align: center;\"><span style=\"text-decoration: underline;\"><strong>TABLICE INFORMACYJNE W PIESZKOWIE<br \/>\n<\/strong><\/span><\/p>\n<p style=\"text-align: center;\"><a href=\"http:\/\/test.pieszkow.hostilla.pl\/wp-content\/uploads\/2016\/11\/DSC_3.jpg\"><img loading=\"lazy\" decoding=\"async\" class=\"alignnone wp-image-2733\" src=\"http:\/\/test.pieszkow.hostilla.pl\/wp-content\/uploads\/2016\/11\/DSC_3-250x376.jpg\" alt=\"dsc_3\" width=\"178\" height=\"268\" srcset=\"http:\/\/test.pieszkow.hostilla.pl\/wp-content\/uploads\/2016\/11\/DSC_3-250x376.jpg 250w, http:\/\/test.pieszkow.hostilla.pl\/wp-content\/uploads\/2016\/11\/DSC_3-120x181.jpg 120w, http:\/\/test.pieszkow.hostilla.pl\/wp-content\/uploads\/2016\/11\/DSC_3.jpg 400w\" sizes=\"auto, (max-width: 178px) 100vw, 178px\" \/><\/a><\/p>\n<p style=\"text-align: justify;\"><strong><hr class=\"wc-shortcodes-spacing \" style=\"height: 10px\" \/><\/strong>W kilku miejscach Pieszkowa pojawi\u0142y si\u0119 tablice informacyjne z numerami dom\u00f3w.<\/p>\n<p style=\"text-align: justify;\">Inicjatywa rozmieszczenia takich tablic zosta\u0142a podj\u0119ta na zesz\u0142orocznym zebraniu mieszka\u0144c\u00f3w dotycz\u0105cym podzia\u0142u funduszu so\u0142eckiego na rok 2016. Mieszka\u0144cy obecni na zebraniu zg\u0142aszali problemy z dojazdem wzywanych w razie potrzeby karetek pogotowia, kt\u00f3re bardzo cz\u0119sto nie mog\u0142y trafi\u0107 pod wezwany adres.<\/p>\n<p style=\"text-align: justify;\">W tym roku roku pieni\u0119dzy starczy\u0142o na zrobienie i rozmieszczenie 5 tablic. Reszta zostanie rozmieszczona w roku 2017. Ca\u0142o\u015b\u0107 inwestycji zosta\u0142a sfinansowana z funduszu so\u0142eckiego na lata 2016 i 2017.<\/p>\n<p style=\"text-align: center; font-size: 2em; margin-top: 0px;\"><span style=\"color: #993300;\">***********<\/span><\/p>\n<p style=\"text-align: left;\">14.11.2016<\/p>\n<p style=\"text-align: center;\"><span style=\"text-decoration: underline;\"><strong>URZ\u0104D GMINY PYTA MIESZKA\u0143C\u00d3W<br \/>\n<\/strong><\/span><\/p>\n<p style=\"text-align: center;\"><a href=\"http:\/\/test.pieszkow.hostilla.pl\/wp-content\/uploads\/2016\/11\/Instalacja.jpg\"><img loading=\"lazy\" decoding=\"async\" width=\"250\" height=\"125\" class=\"alignnone size-medium wp-image-2729\" src=\"http:\/\/test.pieszkow.hostilla.pl\/wp-content\/uploads\/2016\/11\/Instalacja-250x125.jpg\" alt=\"instalacja\" srcset=\"http:\/\/test.pieszkow.hostilla.pl\/wp-content\/uploads\/2016\/11\/Instalacja-250x125.jpg 250w, http:\/\/test.pieszkow.hostilla.pl\/wp-content\/uploads\/2016\/11\/Instalacja-120x60.jpg 120w, http:\/\/test.pieszkow.hostilla.pl\/wp-content\/uploads\/2016\/11\/Instalacja.jpg 301w\" sizes=\"auto, (max-width: 250px) 100vw, 250px\" \/><\/a><\/p>\n<p style=\"text-align: justify;\"><strong><hr class=\"wc-shortcodes-spacing \" style=\"height: 10px\" \/><\/strong>W zwi\u0105zku z mo\u017cliwo\u015bci\u0105 przyst\u0105pienia Gminy Lubin do partnerstwa zwi\u0105zanego z realizacj\u0105 Projektu \u201eRegionalny Program Energetyki Prosumenckiej RPEP\u201d Urz\u0105d Gminy Lubin prosi<br \/>\no wype\u0142nienie za\u0142\u0105czonej ankiety na podstawie, kt\u00f3rej zostanie okre\u015blona skala zainteresowania mieszka\u0144c\u00f3w Gminy Lubin ewentualnym uczestnictwem w planowanym programie prosumenckim.<\/p>\n<p style=\"text-align: justify;\">Program polega\u0142 b\u0119dzie na umo\u017cliwieniu mieszka\u0144com pozyskania \u015brodk\u00f3w finansowych na monta\u017c instalacji fotowoltaicznych na jednorodzinnych budynkach mieszkalnych. Dane pozyskane z ankiety b\u0119d\u0105 stanowi\u0107 podstaw\u0119 ubiegania si\u0119 o status partnera w projekcie ,,Regionalny Program Energetyki Prosumenckiej RPEP\u201d.<\/p>\n<p style=\"text-align: justify;\">Przedmiotowa ankieta jest badaniem wst\u0119pnym, bez kt\u00f3rego nie b\u0119dzie mo\u017cliwe podj\u0119cie dalszych czynno\u015bci.<\/p>\n<p style=\"text-align: justify;\">Wi\u0119cej informacji mo\u017cna uzyska\u0107 pod numerem telefonu 76\/84-03-121 lub 76\/84-03-128.<\/p>\n<p><span style=\"text-decoration: underline; color: #993300;\"><em><strong><a style=\"color: #993300; text-decoration: underline;\" href=\"http:\/\/www.ug.lubin.pl\/new\/wp-content\/uploads\/2016\/11\/2_Ankieta-energetyczno-budowlana_Plk.docx\">Ankieta do pobrania<\/a><\/strong><\/em><\/span><\/p>\n<p>\u017ar\u00f3d\u0142o: ug.lubin.pl<\/p>\n<p style=\"text-align: center; font-size: 2em; margin-top: 0px;\"><span style=\"color: #993300;\">***********<\/span><\/p>\n<p style=\"text-align: left;\">12.11.2016<\/p>\n<p style=\"text-align: center;\"><span style=\"text-decoration: underline;\"><strong>ZBI\u00d3RKA ZU\u017bYTEGO SPRZ\u0118TU &#8211; PRZYPOMNIENIE<br \/>\n<\/strong><\/span><\/p>\n<p style=\"text-align: center;\"><a href=\"http:\/\/test.pieszkow.hostilla.pl\/wp-content\/uploads\/2016\/10\/graty-z-chaty3.jpg\"><img loading=\"lazy\" decoding=\"async\" class=\"alignnone wp-image-2658\" src=\"http:\/\/test.pieszkow.hostilla.pl\/wp-content\/uploads\/2016\/10\/graty-z-chaty3-250x266.jpg\" alt=\"\" width=\"181\" height=\"192\" srcset=\"http:\/\/test.pieszkow.hostilla.pl\/wp-content\/uploads\/2016\/10\/graty-z-chaty3-250x266.jpg 250w, http:\/\/test.pieszkow.hostilla.pl\/wp-content\/uploads\/2016\/10\/graty-z-chaty3-120x128.jpg 120w, http:\/\/test.pieszkow.hostilla.pl\/wp-content\/uploads\/2016\/10\/graty-z-chaty3.jpg 280w\" sizes=\"auto, (max-width: 181px) 100vw, 181px\" \/><\/a><\/p>\n<p><strong><hr class=\"wc-shortcodes-spacing \" style=\"height: 10px\" \/><\/strong><\/p>\n<p style=\"text-align: center;\"><strong><span style=\"font-size: 18px;\">14.11.2016 PONIEDZIA\u0141EK &#8211; <\/span><\/strong><span style=\"text-decoration: underline;\">PARKING PRZY \u015aWIETLICY<\/span><\/p>\n<p style=\"text-align: justify;\">Na miejsce zbi\u00f3rki b\u0119dzie mo\u017cna przynie\u015b\u0107 wszystkie przedmioty zawieraj\u0105ce elementy elektryczne i elektroniczne, pochodz\u0105ce z gospodarstw domowych, sto\u0142y, szafy, krzes\u0142a, sofy, a tak\u017ce dywany, w\u00f3zki dzieci\u0119ce, materace, rowery i zabawki du\u017cych rozmiar\u00f3w. Zostawi\u0107 b\u0119dzie mo\u017cna tak\u017ce wanny, drzwi, umywalki, muszle toaletowe, itp.<\/p>\n<p style=\"text-align: justify;\">W ramach prowadzonej zbi\u00f3rki nie b\u0119dzie mo\u017cna jednak zostawi\u0107 odpad\u00f3w remontowo-budowlanych, opon, cz\u0119\u015bci samochodowych, odpad\u00f3w zielonych, odpad\u00f3w zmieszanych oraz odpad\u00f3w odbieranych z posesji w systemie workowym (papier, szk\u0142o, plastik, odpady biodergadowalne). Nie b\u0119dzie mo\u017cna tak\u017ce przynie\u015b\u0107 odpad\u00f3w pochodz\u0105cych z dzia\u0142alno\u015bci gospodarczej i rolniczej.<\/p>\n<p style=\"text-align: justify;\"><em>\u017ar\u00f3d\u0142o: UG. Lubin<\/em><\/p>\n<p style=\"text-align: center; font-size: 2em; margin-top: 0px;\"><span style=\"color: #993300;\">***********<\/span><\/p>\n<p style=\"text-align: left;\">06.11.2016<\/p>\n<p style=\"text-align: center;\"><span style=\"text-decoration: underline;\"><strong>PO CICHU WRACA TEMAT ODKRYWKI<br \/>\n<\/strong><\/span><\/p>\n<p style=\"text-align: center;\"><a href=\"http:\/\/test.pieszkow.hostilla.pl\/wp-content\/uploads\/2016\/11\/Odkrywka.jpg\"><img loading=\"lazy\" decoding=\"async\" class=\"alignnone wp-image-2725 size-medium\" src=\"http:\/\/test.pieszkow.hostilla.pl\/wp-content\/uploads\/2016\/11\/Odkrywka-250x127.jpg\" alt=\"tereny obj\u0119te odkrywk\u0105\" width=\"250\" height=\"127\" srcset=\"http:\/\/test.pieszkow.hostilla.pl\/wp-content\/uploads\/2016\/11\/Odkrywka-250x127.jpg 250w, http:\/\/test.pieszkow.hostilla.pl\/wp-content\/uploads\/2016\/11\/Odkrywka-768x391.jpg 768w, http:\/\/test.pieszkow.hostilla.pl\/wp-content\/uploads\/2016\/11\/Odkrywka-700x356.jpg 700w, http:\/\/test.pieszkow.hostilla.pl\/wp-content\/uploads\/2016\/11\/Odkrywka-120x61.jpg 120w, http:\/\/test.pieszkow.hostilla.pl\/wp-content\/uploads\/2016\/11\/Odkrywka.jpg 1000w\" sizes=\"auto, (max-width: 250px) 100vw, 250px\" \/><\/a><\/p>\n<p style=\"text-align: center;\">tereny obj\u0119te odkrywk\u0105<\/p>\n<p><strong><hr class=\"wc-shortcodes-spacing \" style=\"height: 10px\" \/><\/strong>W hotelu Milenium w Legnicy odby\u0142a si\u0119 konferencja po\u015bwi\u0119cona eksploatacji w\u0119gla brunatnego z\u0142o\u017ca Legnica. Nie by\u0142oby w tym nic dziwnego, gdyby nie ca\u0142kowity brak informacji o tej, jak\u017ce wa\u017cnej dla mieszka\u0144c\u00f3w regionu, inicjatywie. Wygl\u0105da na to, \u017ce cichaczem, niemal\u017ce konspiracyjnie sprawa budowy w naszym regionie kopalni odkrywkowej w\u0119gla brunatnego wraca\u2026<\/p>\n<p>Organizatorami konferencji by\u0142a Politechnika Wroc\u0142awska, Towarzystwo Konsultant\u00f3w Polskich i\u2026 W\u00f3jt Gminy Lubin. Na konferencj\u0119 zaproszono wprawdzie so\u0142tys\u00f3w wsi z gminy i niekt\u00f3rych radnych. Niekt\u00f3rych, gdy\u017c radni opozycyjni nie otrzymali nie tylko zaprosze\u0144, ale nawet informacji, \u017ce taka konferencja si\u0119 odbywa. Gmina t\u0142umaczy si\u0119, \u017ce wsp\u00f3\u0142organizatorem zosta\u0142a jedynie z uprzejmo\u015bci i dlatego nie zaprasza\u0142a nikogo pozostawiaj\u0105c to w gestii innych organizator\u00f3w.<\/p>\n<p>Ca\u0142y artyku\u0142 dost\u0119pny tutaj <span style=\"text-decoration: underline; color: #993300;\"><em><strong><a style=\"color: #993300; text-decoration: underline;\" href=\"http:\/\/elubin.pl\/wiadomosci,15756.html\">http:\/\/elubin.pl\/wiadomosci,15756.html<\/a><\/strong><\/em><\/span><\/p>\n<p style=\"text-align: center; font-size: 2em; margin-top: 0px;\"><span style=\"color: #993300;\">***********<\/span><\/p>\n<p style=\"text-align: left;\">31.10.2016<\/p>\n<p style=\"text-align: center;\"><span style=\"text-decoration: underline;\"><strong>ZMIANY W KURSOWANIU LINII 104<br \/>\n<\/strong><\/span><\/p>\n<p><strong><hr class=\"wc-shortcodes-spacing \" style=\"height: 10px\" \/><\/strong>W zwi\u0105zku z dniem Wszystkich \u015awi\u0119tych w dniu 01.11.2016 autobus linii 104 (przystanek Ko\u015bciuszki Dworzec PKS),b\u0119dzie kursowa\u0142 tak jak w sobot\u0119.<\/p>\n<p>\u017ar\u00f3d\u0142o: ug.lubin.pl<\/p>\n<p style=\"text-align: center; font-size: 2em; margin-top: 0px;\"><span style=\"color: #993300;\">***********<\/span><\/p>\n<p style=\"text-align: left;\">28.10.2016<\/p>\n<p style=\"text-align: center;\"><span style=\"text-decoration: underline;\"><strong>ZMIANA CZASU NA ZIMOWY<br \/>\n<\/strong><\/span><\/p>\n<p style=\"text-align: center;\"><a href=\"http:\/\/test.pieszkow.hostilla.pl\/wp-content\/uploads\/2016\/10\/zmiana-czasu-na-zimowy.jpg\"><img loading=\"lazy\" decoding=\"async\" width=\"250\" height=\"176\" class=\"alignnone size-medium wp-image-2713\" src=\"http:\/\/test.pieszkow.hostilla.pl\/wp-content\/uploads\/2016\/10\/zmiana-czasu-na-zimowy-250x176.jpg\" alt=\"zmiana-czasu-na-zimowy\" srcset=\"http:\/\/test.pieszkow.hostilla.pl\/wp-content\/uploads\/2016\/10\/zmiana-czasu-na-zimowy-250x176.jpg 250w, http:\/\/test.pieszkow.hostilla.pl\/wp-content\/uploads\/2016\/10\/zmiana-czasu-na-zimowy-120x85.jpg 120w, http:\/\/test.pieszkow.hostilla.pl\/wp-content\/uploads\/2016\/10\/zmiana-czasu-na-zimowy.jpg 625w\" sizes=\"auto, (max-width: 250px) 100vw, 250px\" \/><\/a><\/p>\n<p><strong><hr class=\"wc-shortcodes-spacing \" style=\"height: 10px\" \/><\/strong>W nocy 29(sobota) na 30(niedziela) pa\u017adziernika cofniemy wskaz\u00f3wki zegarka z godziny 3.00 na 2.00. Dzi\u0119ki temu zyskujemy dodatkow\u0105 godzin\u0119 na sen.<\/p>\n<p>Zmiana czasu, odbywaj\u0105ca si\u0119 dwa razy w roku, ma przyczyni\u0107 si\u0119 do maksymalnego wykorzystania \u015bwiat\u0142a dziennego oraz oszcz\u0119dno\u015bci energii. W Polsce zmiana czasu zosta\u0142a wprowadzona w okresie mi\u0119dzywojennym. Nast\u0119pnie w latach 1946-1949 i 1957-1964. Obecnie obowi\u0105zuje ona bez ustanku od 1977 roku.<\/p>\n<p style=\"text-align: center; font-size: 2em; margin-top: 0px;\"><span style=\"color: #993300;\">***********<\/span><\/p>\n<p style=\"text-align: left;\">25.10.2016<\/p>\n<p style=\"text-align: center;\"><span style=\"text-decoration: underline;\"><strong>PRZERWY W DOSTAWIE PR\u0104DU<br \/>\n<\/strong><\/span><\/p>\n<p><strong><hr class=\"wc-shortcodes-spacing \" style=\"height: 10px\" \/><\/strong>W zwi\u0105zku z trwaj\u0105cymi pracami przy budowie chodnika, w dniu 25.10.2016 mog\u0105 wyst\u0105pi\u0107 przerwy w dostawie pr\u0105du od numeru 27A do 40 oraz dzia\u0142ki nr. 86\/6, 85, 86\/7, 88\/1, 88\/2, 88\/11<\/p>\n<p style=\"text-align: center; font-size: 2em; margin-top: 0px;\"><span style=\"color: #993300;\">***********<\/span><\/p>\n<p style=\"text-align: left;\">20.10.2016<\/p>\n<p style=\"text-align: center;\"><span style=\"text-decoration: underline;\"><strong>PARKOWANIE W NIEDZIELE PRZED MSZ\u0104 \u015aWI\u0118T\u0104<br \/>\n<\/strong><\/span><\/p>\n<p><strong><hr class=\"wc-shortcodes-spacing \" style=\"height: 10px\" \/><\/strong><\/p>\n<p style=\"text-align: justify;\">\u00a0\u00a0\u00a0 W zwi\u0105zku z ograniczon\u0105 ilo\u015bci\u0105 miejsc parkingowych przed ko\u015bcio\u0142em, w niedziel\u0119 na czas nabo\u017ce\u0144stwa b\u0119dzie mo\u017cna zaparkowa\u0107 na parkingu przy \u015bwietlicy. Bramy wjazdowe na parking b\u0119d\u0105 otwierane od godz. 10.00<\/p>\n<p style=\"text-align: center; font-size: 2em; margin-top: 0px;\"><span style=\"color: #993300;\">***********<\/span><\/p>\n<p style=\"text-align: left;\">17.10.2016<\/p>\n<p style=\"text-align: center;\"><span style=\"text-decoration: underline;\"><strong>PROJEKT AGLOMERACJI PRZEG\u0141OSOWANY PRZEZ RADNYCH<br \/>\n<\/strong><\/span><\/p>\n<p style=\"text-align: center;\"><a href=\"http:\/\/test.pieszkow.hostilla.pl\/wp-content\/uploads\/2016\/09\/mapa-gminy.jpg\"><img loading=\"lazy\" decoding=\"async\" class=\"alignnone wp-image-2606 size-medium\" src=\"http:\/\/test.pieszkow.hostilla.pl\/wp-content\/uploads\/2016\/09\/mapa-gminy-250x230.jpg\" alt=\"mapa-gminy\" width=\"250\" height=\"230\" srcset=\"http:\/\/test.pieszkow.hostilla.pl\/wp-content\/uploads\/2016\/09\/mapa-gminy-250x230.jpg 250w, http:\/\/test.pieszkow.hostilla.pl\/wp-content\/uploads\/2016\/09\/mapa-gminy-120x111.jpg 120w, http:\/\/test.pieszkow.hostilla.pl\/wp-content\/uploads\/2016\/09\/mapa-gminy.jpg 522w\" sizes=\"auto, (max-width: 250px) 100vw, 250px\" \/><\/a><\/p>\n<p><strong><hr class=\"wc-shortcodes-spacing \" style=\"height: 10px\" \/><\/strong><\/p>\n<p style=\"text-align: justify;\">\u00a0\u00a0\u00a0 Plan przy\u0142\u0105czenia kolejnych siedemnastu miejscowo\u015bci Gminy Lubin do Miejskiej Oczyszczalni \u015aciek\u00f3w w Lubinie zosta\u0142 pozytywnie zaopiniowany przez Rad\u0119 Gminy Lubin oraz Rad\u0119 Miejsk\u0105 w Lubinie. Teraz projektem aglomeracji zajm\u0105 si\u0119 radni Sejmiku Wojew\u00f3dztwa Dolno\u015bl\u0105skiego.<\/p>\n<p style=\"text-align: justify;\">\u00a0\u00a0\u00a0\u00a0\u00a0 Z dotacji, kt\u00f3rej rz\u0105d szacowany na 55-60 mln, sfinansowane zosta\u0142oby przy\u0142\u0105czenie kolejnych 17 miejscowo\u015bci Gminy Lubin do miejskiego systemu. Cztery podpi\u0119te s\u0105 do niego od 2006 r. To Gorzyca, Gola, Krzeczyn Ma\u0142y i Krzeczyn Wielki. Teraz do\u0142\u0105czy\u0142by Ksi\u0119ginice, Sk\u0142adowice, Ustronie, Siedlce, D\u0105browa G\u00f3rna, Czerniec, Niemst\u00f3w, Pieszk\u00f3w, Osiek, K\u0142opot\u00f3w, Miroszowice, Chr\u00f3stnik, Lisiec, Bukowna, Wiercie\u0144, Zimna Woda i Obora.<\/p>\n<p style=\"text-align: justify;\"><em>\u017ar\u00f3d\u0142o: UG. Lubin<\/em><\/p>\n<p style=\"text-align: center; font-size: 2em; margin-top: 0px;\"><span style=\"color: #993300;\">***********<\/span><\/p>\n<p style=\"text-align: left;\">12.10.2016<\/p>\n<p style=\"text-align: center;\"><span style=\"text-decoration: underline;\"><strong>JUTRO CZ\u0118\u015a\u0106 MIESZKA\u0143C\u00d3W BEZ PR\u0104DU<br \/>\n<\/strong><\/span><\/p>\n<p><strong><hr class=\"wc-shortcodes-spacing \" style=\"height: 10px\" \/><\/strong><\/p>\n<p style=\"text-align: center;\">\u00a0\u00a0\u00a0 <strong>13.10.2016<\/strong> w czwartek w godz. od 8.00 do 18.00 nast\u0105pi\u0105 przerwy w dostawie pr\u0105du.<\/p>\n<p style=\"text-align: center;\">Wy\u0142\u0105czenie pr\u0105du planowane jest na posesjach 27-40 oraz niekt\u00f3rych dzia\u0142kach (86\/6, 85, 86\/7, 88\/1, 88\/2, 88\/11).<\/p>\n<p style=\"text-align: center; font-size: 2em; margin-top: 0px;\"><span style=\"color: #993300;\">***********<\/span><\/p>\n<p style=\"text-align: left;\">11.10.2016<\/p>\n<p style=\"text-align: center;\"><span style=\"text-decoration: underline;\"><strong>ZAGIN\u0118\u0141A KOTKA<br \/>\n<\/strong><\/span><\/p>\n\n\t\t<style type=\"text\/css\">\n\t\t\t#gallery-3 {\n\t\t\t\tmargin: auto;\n\t\t\t}\n\t\t\t#gallery-3 .gallery-item {\n\t\t\t\tfloat: left;\n\t\t\t\tmargin-top: 10px;\n\t\t\t\ttext-align: center;\n\t\t\t\twidth: 33%;\n\t\t\t}\n\t\t\t#gallery-3 img {\n\t\t\t\tborder: 2px solid #cfcfcf;\n\t\t\t}\n\t\t\t#gallery-3 .gallery-caption {\n\t\t\t\tmargin-left: 0;\n\t\t\t}\n\t\t\t\/* see gallery_shortcode() in wp-includes\/media.php *\/\n\t\t<\/style>\n\t\t<div id='gallery-3' class='gallery galleryid-2282 gallery-columns-3 gallery-size-thumbnail'><dl class='gallery-item'>\n\t\t\t<dt class='gallery-icon landscape'>\n\t\t\t\t<a href='http:\/\/test.pieszkow.hostilla.pl\/wp-content\/uploads\/2016\/10\/Marysia1.jpg'><img loading=\"lazy\" decoding=\"async\" width=\"150\" height=\"150\" src=\"http:\/\/test.pieszkow.hostilla.pl\/wp-content\/uploads\/2016\/10\/Marysia1-150x150.jpg\" class=\"attachment-thumbnail size-thumbnail\" alt=\"\" \/><\/a>\n\t\t\t<\/dt><\/dl><dl class='gallery-item'>\n\t\t\t<dt class='gallery-icon landscape'>\n\t\t\t\t<a href='http:\/\/test.pieszkow.hostilla.pl\/wp-content\/uploads\/2016\/10\/Marysia3.jpg'><img loading=\"lazy\" decoding=\"async\" width=\"150\" height=\"150\" src=\"http:\/\/test.pieszkow.hostilla.pl\/wp-content\/uploads\/2016\/10\/Marysia3-150x150.jpg\" class=\"attachment-thumbnail size-thumbnail\" alt=\"\" \/><\/a>\n\t\t\t<\/dt><\/dl><dl class='gallery-item'>\n\t\t\t<dt class='gallery-icon landscape'>\n\t\t\t\t<a href='http:\/\/test.pieszkow.hostilla.pl\/wp-content\/uploads\/2016\/10\/Marysia2.jpg'><img loading=\"lazy\" decoding=\"async\" width=\"150\" height=\"150\" src=\"http:\/\/test.pieszkow.hostilla.pl\/wp-content\/uploads\/2016\/10\/Marysia2-150x150.jpg\" class=\"attachment-thumbnail size-thumbnail\" alt=\"\" \/><\/a>\n\t\t\t<\/dt><\/dl><br style=\"clear: both\" \/>\n\t\t<\/div>\n\n<p><strong><hr class=\"wc-shortcodes-spacing \" style=\"height: 10px\" \/><\/strong><\/p>\n<p style=\"text-align: center;\">\u00a0\u00a0\u00a0 W pi\u0105tek 07.10.2016 na terenie Pieszkowa zagin\u0119\u0142a kotka o imieniu Marysia.<\/p>\n<p style=\"text-align: center;\">Je\u017celi ktokolwiek z mieszka\u0144c\u00f3w j\u0105 widzia\u0142, proszony jest o informacj\u0119 na adres:<\/p>\n<p style=\"text-align: center;\"><strong>biuro@pieszkow.pl<\/strong><\/p>\n<p style=\"text-align: center;\">lub pod numer telefonu <strong>795-321-087<\/strong><\/p>\n<p style=\"text-align: center;\">za wszelkie informacje z g\u00f3ry dzi\u0119kujemy.<\/p>\n<p style=\"text-align: center; font-size: 2em; margin-top: 0px;\"><span style=\"color: #993300;\">***********<\/span><\/p>\n<p style=\"text-align: left;\">10.10.2016<\/p>\n<p style=\"text-align: center;\"><span style=\"text-decoration: underline;\"><strong>CZY W\u00d3JT DOTRZYMA OBIETNICY ?<br \/>\n<\/strong><\/span><\/p>\n<p><strong><hr class=\"wc-shortcodes-spacing \" style=\"height: 10px\" \/><\/strong><\/p>\n<p style=\"text-align: justify;\">\u00a0\u00a0\u00a0 Ostatnio g\u0142o\u015bno dyskutowany w\u015br\u00f3d mieszka\u0144c\u00f3w gminy jest plan utworzenia aglomeracji Lubin. Miasto i gmina wiejska Lubin tworz\u0105 aglomeracj\u0119 pod olbrzymi projekt inwestycyjny dotycz\u0105cy gospodarki wodno-\u015bciekowej. Dzi\u0119ki temu \u015bcieki z gminy trafi\u0105 do oczyszczalni w Lubinie i b\u0119dzie mo\u017cna wyremontowa\u0107 ruroci\u0105g oraz tutejsz\u0105 oczyszczalni\u0119.\u00a0 Pisali\u015bmy o tym m.in. <span style=\"color: #000000;\">na naszej stronie w dniu 15.09.2016 (tekst znajduje si\u0119 ni\u017cej w dziale aktualno\u015bci).<\/span><\/p>\n<p style=\"text-align: justify;\">\u00a0\u00a0 \u00a0Cz\u0119\u015b\u0107 radnych naszej gminy jest za utworzeniem aglomeracji, a cz\u0119\u015b\u0107 przeciw. Kto ma racj\u0119? Radni przeciwni temu pomys\u0142owi argumentuj\u0105 to mo\u017cliwo\u015bci\u0105 podwy\u017cek za odprowadzane \u015bcieki oraz likwidacj\u0105 maj\u0105tku gminy. W zwi\u0105zku z takimi g\u0142osami radnych w\u00f3jt Tadeusz Kielan obieca\u0142 zapyta\u0107 nas, mieszka\u0144c\u00f3w gminy, o zdanie na ten temat. Tekst znajduje si\u0119 <span style=\"color: #993300;\"><strong><a style=\"color: #993300;\" href=\"http:\/\/www.lubin.pl\/zapytaja-mieszkancow-o-zdanie-w-sprawie-aglomeracji\/\">tutaj<\/a><\/strong><\/span>. Jednak teraz dowiadujemy si\u0119, \u017ce \u017cadnych konsultacji mo\u017ce nie by\u0107, a nasz g\u0142os zast\u0105pi\u0105 opinie radnych Lubina i radnych Gminy Lubin. Przeczyta\u0107 o tym mo\u017cemy w tym <span style=\"color: #993300;\"><strong><a style=\"color: #993300;\" href=\"http:\/\/www.lubin.pl\/opiniuja-utworzenie-aglomeracji\/\">miejscu<\/a><\/strong><\/span> .<\/p>\n<p style=\"text-align: center; font-size: 2em; margin-top: 0px;\"><span style=\"color: #993300;\">***********<\/span><\/p>\n<p style=\"text-align: left;\">07.10.2016<\/p>\n<p style=\"text-align: center;\"><span style=\"text-decoration: underline;\"><strong>ZBI\u00d3RKA ZU\u017bYTEGO SPRZ\u0118TU<br \/>\n<\/strong><\/span><\/p>\n<p style=\"text-align: center;\"><a href=\"http:\/\/test.pieszkow.hostilla.pl\/wp-content\/uploads\/2016\/10\/graty-z-chaty3.jpg\"><img loading=\"lazy\" decoding=\"async\" class=\"alignnone wp-image-2658\" src=\"http:\/\/test.pieszkow.hostilla.pl\/wp-content\/uploads\/2016\/10\/graty-z-chaty3-250x266.jpg\" alt=\"\" width=\"181\" height=\"192\" srcset=\"http:\/\/test.pieszkow.hostilla.pl\/wp-content\/uploads\/2016\/10\/graty-z-chaty3-250x266.jpg 250w, http:\/\/test.pieszkow.hostilla.pl\/wp-content\/uploads\/2016\/10\/graty-z-chaty3-120x128.jpg 120w, http:\/\/test.pieszkow.hostilla.pl\/wp-content\/uploads\/2016\/10\/graty-z-chaty3.jpg 280w\" sizes=\"auto, (max-width: 181px) 100vw, 181px\" \/><\/a><\/p>\n<p><strong><hr class=\"wc-shortcodes-spacing \" style=\"height: 10px\" \/><\/strong><\/p>\n<p style=\"text-align: center;\"><strong><span style=\"font-size: 18px;\">14.11.2016 <\/span><\/strong><span style=\"text-decoration: underline;\">PARKING PRZY \u015aWIETLICY<\/span><\/p>\n<p style=\"text-align: justify;\">Na miejsce zbi\u00f3rki b\u0119dzie mo\u017cna przynie\u015b\u0107 wszystkie przedmioty zawieraj\u0105ce elementy elektryczne i elektroniczne, pochodz\u0105ce z gospodarstw domowych, sto\u0142y, szafy, krzes\u0142a, sofy, a tak\u017ce dywany, w\u00f3zki dzieci\u0119ce, materace, rowery i zabawki du\u017cych rozmiar\u00f3w. Zostawi\u0107 b\u0119dzie mo\u017cna tak\u017ce wanny, drzwi, umywalki, muszle toaletowe, itp.<\/p>\n<p style=\"text-align: justify;\">W ramach prowadzonej zbi\u00f3rki nie b\u0119dzie mo\u017cna jednak zostawi\u0107 odpad\u00f3w remontowo-budowlanych, opon, cz\u0119\u015bci samochodowych, odpad\u00f3w zielonych, odpad\u00f3w zmieszanych oraz odpad\u00f3w odbieranych z posesji w systemie workowym (papier, szk\u0142o, plastik, odpady biodergadowalne). Nie b\u0119dzie mo\u017cna tak\u017ce przynie\u015b\u0107 odpad\u00f3w pochodz\u0105cych z dzia\u0142alno\u015bci gospodarczej i rolniczej.<\/p>\n<p style=\"text-align: justify;\"><em>\u017ar\u00f3d\u0142o: UG. Lubin<\/em><\/p>\n<p style=\"text-align: center; font-size: 2em; margin-top: 0px;\"><span style=\"color: #993300;\">***********<\/span><\/p>\n<p style=\"text-align: left;\">04.10.2016<\/p>\n<p style=\"text-align: center;\"><span style=\"text-decoration: underline;\"><strong>PRZERWA W DOSTAWIE WODY<br \/>\n<\/strong><\/span><\/p>\n<p style=\"text-align: center;\"><a href=\"http:\/\/test.pieszkow.hostilla.pl\/wp-content\/uploads\/2016\/10\/brak-wody.jpg\"><img loading=\"lazy\" decoding=\"async\" width=\"250\" height=\"164\" class=\"alignnone size-medium wp-image-2655\" src=\"http:\/\/test.pieszkow.hostilla.pl\/wp-content\/uploads\/2016\/10\/brak-wody-250x164.jpg\" alt=\"brak-wody\" srcset=\"http:\/\/test.pieszkow.hostilla.pl\/wp-content\/uploads\/2016\/10\/brak-wody-250x164.jpg 250w, http:\/\/test.pieszkow.hostilla.pl\/wp-content\/uploads\/2016\/10\/brak-wody-120x79.jpg 120w, http:\/\/test.pieszkow.hostilla.pl\/wp-content\/uploads\/2016\/10\/brak-wody.jpg 600w\" sizes=\"auto, (max-width: 250px) 100vw, 250px\" \/><\/a><\/p>\n<p><strong><hr class=\"wc-shortcodes-spacing \" style=\"height: 10px\" \/><\/strong><\/p>\n<p style=\"text-align: justify;\">Jutro\u00a0 5 pa\u017adziernika nast\u0105pi\u0105 przerwy w dostawie wody w miejscowo\u015bciach Pieszk\u00f3w, Raszowa i Raszowa Ma\u0142a. Potrwaj\u0105 od \u00a0godz. 10.00 do 14.00. Zwi\u0105zane jest to z prowadzonymi tam pracami rozbudowy sieci wodoci\u0105gowej.<\/p>\n<p style=\"text-align: justify;\">GZUKiM przeprasza za utrudnienia.<\/p>\n<p style=\"text-align: center; font-size: 2em; margin-top: 0px;\"><span style=\"color: #993300;\">***********<\/span><\/p>\n<p style=\"text-align: left;\">27.09.2016<\/p>\n<p style=\"text-align: center;\"><span style=\"text-decoration: underline;\"><strong>ZMIANY NA NASZEJ STRONIE<br \/>\n<\/strong><\/span><\/p>\n<p style=\"text-align: justify;\"><strong><hr class=\"wc-shortcodes-spacing \" style=\"height: 10px\" \/><\/strong><\/p>\n<p style=\"text-align: justify;\">Ws\u0142uchuj\u0105c si\u0119 w opini\u0119 u\u017cytkownik\u00f3w naszej strony postanowili\u015bmy troch\u0119 j\u0105 zmodyfikowa\u0107. Modyfikacja dotyczy dzia\u0142\u00f3w <strong>&gt;aktualno\u015bci&lt;<\/strong> i <strong>&gt;ostatnio dodane&lt; <\/strong>znajduj\u0105cych si\u0119 na g\u0142\u00f3wnej stronie. Powodem do zmian by\u0142y uwagi, \u017ce <strong>&gt;aktualno\u015bci&lt;<\/strong> s\u0105 ma\u0142o widoczne, przez co mog\u0142y zosta\u0107 niezauwa\u017cane wa\u017cne informacje dla mieszka\u0144c\u00f3w Pieszkowa.<\/p>\n<p style=\"text-align: justify;\">Postanowili\u015bmy zatem, \u017ce informacja w dziale <strong>&gt;g\u0142osy mieszka\u0144c\u00f3w&lt;<\/strong> znajduj\u0105ca si\u0119 na stronie g\u0142\u00f3wnej, b\u0119dzie wy\u015bwietlana w przypadku pojawienia si\u0119 nowego maila od Pa\u0144stwa przez 7 dni, a nast\u0119pnie b\u0119dzie przeniesiona na sta\u0142e do <strong>zak\u0142adki<\/strong> <strong>G\u0141OSY MIESZKA\u0143C\u00d3W<\/strong> znajduj\u0105cej si\u0119 po lewej stronie naszej strony. Spowoduje to, \u017ce <strong>&gt;aktualno\u015bci&lt;<\/strong> przesun\u0105 si\u0119 prawie na sam\u0105 g\u00f3r\u0119, i znajd\u0105 si\u0119 zaraz za powitaniem na stronie g\u0142\u00f3wnej.<\/p>\n<p style=\"text-align: justify;\">Dzia\u0142 <strong>&gt;ostatnio dodane&lt; <\/strong>zostanie usuni\u0119ty, a\u00a0 ka\u017cdorazowe dodanie lub zmiana element\u00f3w<br \/>\n(zdj\u0119\u0107, plik\u00f3w w pdf-ie, itp.) na naszej stronie pojawi si\u0119 jako nowa informacja<br \/>\nw <strong>&gt; aktualno\u015bciach&lt;<\/strong>.<\/p>\n<p style=\"text-align: center; font-size: 2em; margin-top: 0px;\"><span style=\"color: #993300;\">***********<\/span><\/p>\n<p style=\"text-align: left;\">24.09.2016<\/p>\n<p style=\"text-align: center;\"><span style=\"text-decoration: underline;\"><strong>REALIZACJA FUNDUSZU SO\u0141ECKIEGO NA ROK 2016<br \/>\n<\/strong><\/span><\/p>\n<p style=\"text-align: center;\"><strong style=\"text-align: justify;\"><a href=\"http:\/\/test.pieszkow.hostilla.pl\/wp-content\/uploads\/2016\/08\/zebranie-o-fundusz.jpg\"><img loading=\"lazy\" decoding=\"async\" width=\"250\" height=\"132\" class=\"alignnone size-medium wp-image-2599\" src=\"http:\/\/test.pieszkow.hostilla.pl\/wp-content\/uploads\/2016\/08\/zebranie-o-fundusz-250x132.jpg\" alt=\"zebranie o fundusz\" srcset=\"http:\/\/test.pieszkow.hostilla.pl\/wp-content\/uploads\/2016\/08\/zebranie-o-fundusz-250x132.jpg 250w, http:\/\/test.pieszkow.hostilla.pl\/wp-content\/uploads\/2016\/08\/zebranie-o-fundusz-120x63.jpg 120w, http:\/\/test.pieszkow.hostilla.pl\/wp-content\/uploads\/2016\/08\/zebranie-o-fundusz.jpg 309w\" sizes=\"auto, (max-width: 250px) 100vw, 250px\" \/><\/a><\/strong><\/p>\n<p style=\"text-align: justify;\"><strong><hr class=\"wc-shortcodes-spacing \" style=\"height: 10px\" \/><\/strong><\/p>\n<p style=\"text-align: justify;\">Podczas ostatniej informacji dotycz\u0105cej podzia\u0142u funduszu so\u0142eckiego, kt\u00f3ry odby\u0142 si\u0119 na zebraniu w dniu 20.09.2016 zapomnia\u0142em umie\u015bci\u0107 informacji dotycz\u0105cej realizacji tego funduszu na rok 2016. Naprawiam sw\u00f3j b\u0142\u0105d <span style=\"color: #993300;\">\ud83d\ude42<\/span><\/p>\n<div class=\"wc-shortcodes-row wc-shortcodes-item wc-shortcodes-clearfix\">\n<div class=\"wc-shortcodes-column wc-shortcodes-content wc-shortcodes-one-half wc-shortcodes-column-first \">\n<p><center><b>zadanie<\/b><\/center><\/div>\n<div class=\"wc-shortcodes-column wc-shortcodes-content wc-shortcodes-one-fourth wc-shortcodes-column- \">\n<p><center><b>kwota<\/b><\/center><\/div>\n<div class=\"wc-shortcodes-column wc-shortcodes-content wc-shortcodes-one-fourth wc-shortcodes-column-last \">\n<p><center><b>zrealizowano<\/b><\/center>\n<\/div>\n<\/div>\n<div class=\"wc-shortcodes-row wc-shortcodes-item wc-shortcodes-clearfix\">\n<div class=\"wc-shortcodes-column wc-shortcodes-content wc-shortcodes-one-half wc-shortcodes-column-first \">\n<p><center><b>Zakup materia\u0142\u00f3w eksploatacyjnych do kosiarek<\/b><\/center><\/div>\n<div class=\"wc-shortcodes-column wc-shortcodes-content wc-shortcodes-one-fourth wc-shortcodes-column- \">\n<p><center><b>1000<\/b><\/center><\/div>\n<div class=\"wc-shortcodes-column wc-shortcodes-content wc-shortcodes-one-fourth wc-shortcodes-column-last \">\n<p><center><b>1000<\/b><\/center>\n<\/div>\n<\/div>\n<div class=\"wc-shortcodes-row wc-shortcodes-item wc-shortcodes-clearfix\">\n<div class=\"wc-shortcodes-column wc-shortcodes-content wc-shortcodes-one-half wc-shortcodes-column-first \">\n<p><center><b>Organizacja imprez integracyjnych<\/b><\/center><\/div>\n<div class=\"wc-shortcodes-column wc-shortcodes-content wc-shortcodes-one-fourth wc-shortcodes-column- \">\n<p><center><b>6.034,89<\/b><\/center><\/div>\n<div class=\"wc-shortcodes-column wc-shortcodes-content wc-shortcodes-one-fourth wc-shortcodes-column-last \">\n<p><center><b>Do realizacji pozosta\u0142 Miko\u0142aj \u20131654<\/b><\/center>\n<\/div>\n<\/div>\n<div class=\"wc-shortcodes-row wc-shortcodes-item wc-shortcodes-clearfix\">\n<div class=\"wc-shortcodes-column wc-shortcodes-content wc-shortcodes-one-half wc-shortcodes-column-first \">\n<p><center><b>Zakup zmywarki \u201e60\u201d do \u015bwietlicy<\/b><\/center><\/div>\n<div class=\"wc-shortcodes-column wc-shortcodes-content wc-shortcodes-one-fourth wc-shortcodes-column- \">\n<p><center><b>1500<\/b><\/center><\/div>\n<div class=\"wc-shortcodes-column wc-shortcodes-content wc-shortcodes-one-fourth wc-shortcodes-column-last \">\n<p><center><b>do realizacji<\/b><\/center>\n<\/div>\n<\/div>\n<div class=\"wc-shortcodes-row wc-shortcodes-item wc-shortcodes-clearfix\">\n<div class=\"wc-shortcodes-column wc-shortcodes-content wc-shortcodes-one-half wc-shortcodes-column-first \">\n<p><center><b>Zakup wyposa\u017cenia multimedialnego do \u015bwietlicy<\/b><\/center><\/div>\n<div class=\"wc-shortcodes-column wc-shortcodes-content wc-shortcodes-one-fourth wc-shortcodes-column- \">\n<p><center><b>5800<\/b><\/center><\/div>\n<div class=\"wc-shortcodes-column wc-shortcodes-content wc-shortcodes-one-fourth wc-shortcodes-column-last \">\n<p><center><b>5200<\/b><\/center>\n<\/div>\n<\/div>\n<div class=\"wc-shortcodes-row wc-shortcodes-item wc-shortcodes-clearfix\">\n<div class=\"wc-shortcodes-column wc-shortcodes-content wc-shortcodes-one-half wc-shortcodes-column-first \">\n<p><center><b>Zakup tablic informacyjnych i ich rozmieszczenie na terenie wsi<\/b><\/center><\/div>\n<div class=\"wc-shortcodes-column wc-shortcodes-content wc-shortcodes-one-fourth wc-shortcodes-column- \">\n<p><center><b>4.000<\/b><\/center><\/div>\n<div class=\"wc-shortcodes-column wc-shortcodes-content wc-shortcodes-one-fourth wc-shortcodes-column-last \">\n<p><center><b>Rozmieszczone b\u0119d\u0105 w 5 punktach.Koszt 4050.<\/b><\/center>\n<\/div>\n<\/div>\n<div class=\"wc-shortcodes-row wc-shortcodes-item wc-shortcodes-clearfix\">\n<div class=\"wc-shortcodes-column wc-shortcodes-content wc-shortcodes-one-half wc-shortcodes-column-first \">\n<p><center><b>Doposa\u017cenie placu zabaw, w tym w ma\u0142\u0105 wiat\u0119<\/b><\/center><\/div>\n<div class=\"wc-shortcodes-column wc-shortcodes-content wc-shortcodes-one-fourth wc-shortcodes-column- \">\n<p><center><b>8000<\/b><\/center><\/div>\n<div class=\"wc-shortcodes-column wc-shortcodes-content wc-shortcodes-one-fourth wc-shortcodes-column-last \">\n<p><center><b>Do realizacji<\/b><\/center>\n<\/div>\n<\/div>\n<p style=\"text-align: center; font-size: 2em; margin-top: 0px;\"><span style=\"color: #993300;\">***********<\/span><\/p>\n<p style=\"text-align: left;\">21.09.2016<\/p>\n<p style=\"text-align: center;\"><span style=\"text-decoration: underline;\"><strong>FUNDUSZ SO\u0141ECKI NA ROK 2017 PODZIELONY<br \/>\n<\/strong><\/span><\/p>\n<p style=\"text-align: center;\"><strong style=\"text-align: justify;\"><a href=\"http:\/\/test.pieszkow.hostilla.pl\/wp-content\/uploads\/2016\/08\/zebranie-o-fundusz.jpg\"><img loading=\"lazy\" decoding=\"async\" width=\"250\" height=\"132\" class=\"alignnone size-medium wp-image-2599\" src=\"http:\/\/test.pieszkow.hostilla.pl\/wp-content\/uploads\/2016\/08\/zebranie-o-fundusz-250x132.jpg\" alt=\"zebranie o fundusz\" srcset=\"http:\/\/test.pieszkow.hostilla.pl\/wp-content\/uploads\/2016\/08\/zebranie-o-fundusz-250x132.jpg 250w, http:\/\/test.pieszkow.hostilla.pl\/wp-content\/uploads\/2016\/08\/zebranie-o-fundusz-120x63.jpg 120w, http:\/\/test.pieszkow.hostilla.pl\/wp-content\/uploads\/2016\/08\/zebranie-o-fundusz.jpg 309w\" sizes=\"auto, (max-width: 250px) 100vw, 250px\" \/><\/a><\/strong><\/p>\n<p style=\"text-align: justify;\"><strong><hr class=\"wc-shortcodes-spacing \" style=\"height: 10px\" \/><\/strong><\/p>\n<p style=\"text-align: justify;\">Nie sprawdzi\u0142y si\u0119 oczekiwania Rady So\u0142eckiej odno\u015bnie frekwencji mieszka\u0144c\u00f3w na zebraniu w sprawie podzia\u0142u funduszu so\u0142eckiego na rok 2017. Ma\u0142e zainteresowanie Pieszkowian zdziwi\u0142o zar\u00f3wno w\u0142odarzy jak i nielicznie przyby\u0142ych, gdy\u017c roszcze\u0144 odno\u015bnie potrzeb w naszej miejscowo\u015bci na co dzie\u0144 s\u0142yszy si\u0119 bardzo wiele. Gdzie s\u0105 mamy, kt\u00f3re narzekaj\u0105 na kiepskie wyposa\u017cenie naszego placu zabaw i marz\u0105 o tym, aby ich dzieci korzysta\u0142y z nowoczesnego, bezpiecznego sprz\u0119tu? Gdzie s\u0105 osoby krytykuj\u0105ce spos\u00f3b przygotowywania do\u017cynek? Nieobecni. Nast\u0119pna szansa na realizacj\u0119 nowych pomys\u0142\u00f3w b\u0119dzie dopiero za rok, przy tworzeniu nowego bud\u017cetu.<\/p>\n<p>Przybyli na zebranie mieszka\u0144cy starali si\u0119 jednak podzieli\u0107 \u015brodki sprawiedliwie, aby po trosze zaspokoi\u0107 wszystkie najwa\u017cniejsze potrzeby mieszka\u0144c\u00f3w. W ten spos\u00f3b uchwalono nast\u0119puj\u0105cy bud\u017cet na 2017 rok:<\/p>\n<p><strong>1. Zakup materia\u0142\u00f3w eksploatacyjnych do kosiarek &#8211; 500<\/strong><\/p>\n<p><strong>2. Internet \u00a0\u00a0\u00a0\u00a0\u00a0\u00a0\u00a0\u00a0\u00a0\u00a0\u00a0 \u00a0\u00a0\u00a0\u00a0\u00a0\u00a0\u00a0\u00a0\u00a0\u00a0\u00a0\u00a0\u00a0\u00a0\u00a0\u00a0\u00a0\u00a0\u00a0\u00a0\u00a0\u00a0\u00a0 \u00a0 \u00a0 \u00a0 \u00a0 \u00a0 \u00a0 \u00a0 \u00a0 \u00a0 \u00a0 \u00a0 \u00a0 \u00a0 \u00a0 &#8211; 400<\/strong><\/p>\n<p><strong> 3. Imprezy integracyjne\u00a0\u00a0\u00a0 \u00a0\u00a0\u00a0\u00a0\u00a0\u00a0\u00a0\u00a0\u00a0\u00a0\u00a0\u00a0\u00a0\u00a0\u00a0\u00a0\u00a0\u00a0\u00a0\u00a0\u00a0\u00a0\u00a0\u00a0\u00a0\u00a0 \u00a0 \u00a0 \u00a0 \u00a0\u00a0\u00a0\u00a0\u00a0\u00a0 &#8211; 3500<\/strong><\/p>\n<p style=\"text-align: left;\">\u00a0\u00a0\u00a0\u00a0\u00a0\u00a0\u00a0\u00a0\u00a0\u00a0 w tym:<\/p>\n<p style=\"text-align: left;\">\u00a0\u00a0\u00a0\u00a0\u00a0\u00a0\u00a0\u00a0\u00a0\u00a0\u00a0\u00a0\u00a0\u00a0\u00a0\u00a0\u00a0\u00a0\u00a0\u00a0 Do\u017cynki\u00a0\u00a0\u00a0\u00a0\u00a0\u00a0\u00a0\u00a0\u00a0\u00a0\u00a0\u00a0\u00a0\u00a0\u00a0\u00a0\u00a0\u00a0\u00a0 &#8211; 1000<\/p>\n<p style=\"text-align: left;\">\u00a0\u00a0\u00a0\u00a0\u00a0\u00a0\u00a0\u00a0\u00a0\u00a0\u00a0\u00a0\u00a0\u00a0\u00a0\u00a0\u00a0\u00a0\u00a0\u00a0 Dzie\u0144 dziecka i Matki &#8211; 1500<\/p>\n<p style=\"text-align: left;\">\u00a0\u00a0\u00a0\u00a0\u00a0\u00a0\u00a0\u00a0\u00a0\u00a0\u00a0\u00a0\u00a0\u00a0\u00a0\u00a0\u00a0\u00a0\u00a0\u00a0 Miko\u0142aj\u00a0\u00a0\u00a0\u00a0\u00a0\u00a0\u00a0\u00a0\u00a0\u00a0\u00a0\u00a0\u00a0\u00a0\u00a0\u00a0\u00a0\u00a0\u00a0 \u00a0 &#8211; 1000<\/p>\n<p><strong>4. Tablice informacyjne \u00a0\u00a0\u00a0\u00a0\u00a0\u00a0\u00a0\u00a0\u00a0\u00a0\u00a0\u00a0\u00a0\u00a0\u00a0\u00a0\u00a0\u00a0\u00a0\u00a0\u00a0\u00a0\u00a0\u00a0\u00a0\u00a0\u00a0\u00a0\u00a0\u00a0\u00a0\u00a0\u00a0\u00a0\u00a0\u00a0\u00a0\u00a0\u00a0 \u00a0 \u00a0 &#8211; 7000<\/strong><\/p>\n<p><strong>5. Wyposa\u017cenie multimedialne \u015bwietlicy\u00a0\u00a0\u00a0\u00a0\u00a0\u00a0\u00a0\u00a0\u00a0\u00a0\u00a0\u00a0\u00a0\u00a0 \u00a0 &#8211; 3000<\/strong><\/p>\n<p><strong>6. Doposa\u017cenie placu zabaw\u00a0\u00a0\u00a0\u00a0\u00a0\u00a0\u00a0\u00a0\u00a0\u00a0\u00a0\u00a0\u00a0\u00a0\u00a0\u00a0\u00a0 \u00a0\u00a0\u00a0\u00a0\u00a0\u00a0\u00a0\u00a0\u00a0\u00a0\u00a0\u00a0\u00a0\u00a0\u00a0\u00a0 &#8211; 14.165,34\u00a0\u00a0\u00a0<\/strong><\/p>\n<p style=\"text-align: left;\">\u00a0\u00a0\u00a0\u00a0\u00a0\u00a0\u00a0\u00a0\u00a0\u00a0\u00a0\u00a0\u00a0\u00a0\u00a0\u00a0\u00a0\u00a0\u00a0\u00a0\u00a0\u00a0\u00a0\u00a0\u00a0\u00a0\u00a0\u00a0\u00a0\u00a0\u00a0\u00a0\u00a0\u00a0\u00a0\u00a0\u00a0\u00a0\u00a0\u00a0\u00a0\u00a0\u00a0\u00a0\u00a0\u00a0\u00a0\u00a0\u00a0\u00a0\u00a0\u00a0\u00a0\u00a0\u00a0\u00a0\u00a0\u00a0\u00a0 <strong>Razem 28.565,34 z\u0142 \u00a0<\/strong><br \/>\nR.<\/p>\n<p style=\"text-align: center; font-size: 2em; margin-top: 0px;\"><span style=\"color: #993300;\">***********<\/span><\/p>\n<p style=\"text-align: left;\">15.09.2016<\/p>\n<p style=\"text-align: center;\"><span style=\"text-decoration: underline;\"><strong>ZAPYTAJ\u0104 NAS MIESZKA\u0143C\u00d3W O ZDANIE W SPRAWIE AGLOMERACJI ?<br \/>\n<\/strong><\/span><\/p>\n<p style=\"text-align: center;\"><a href=\"http:\/\/test.pieszkow.hostilla.pl\/wp-content\/uploads\/2016\/09\/mapa-gminy.jpg\"><img loading=\"lazy\" decoding=\"async\" width=\"250\" height=\"230\" class=\"alignnone size-medium wp-image-2606\" src=\"http:\/\/test.pieszkow.hostilla.pl\/wp-content\/uploads\/2016\/09\/mapa-gminy-250x230.jpg\" alt=\"mapa-gminy\" srcset=\"http:\/\/test.pieszkow.hostilla.pl\/wp-content\/uploads\/2016\/09\/mapa-gminy-250x230.jpg 250w, http:\/\/test.pieszkow.hostilla.pl\/wp-content\/uploads\/2016\/09\/mapa-gminy-120x111.jpg 120w, http:\/\/test.pieszkow.hostilla.pl\/wp-content\/uploads\/2016\/09\/mapa-gminy.jpg 522w\" sizes=\"auto, (max-width: 250px) 100vw, 250px\" \/><\/a><\/p>\n<p style=\"text-align: justify;\"><strong><hr class=\"wc-shortcodes-spacing \" style=\"height: 10px\" \/><span style=\"font-weight: normal;\">Do mieszka\u0144c\u00f3w gminy wiejskiej Lubin trafi\u0142a ulotka przygotowana przez radnych opozycyjnych wzgl\u0119dem w\u00f3jta Kielana. Chc\u0105, aby to mieszka\u0144cy zdecydowali i wypowiedzieli si\u0119 na temat pomys\u0142u utworzenia aglomeracji dotycz\u0105cej sieci kanalizacyjnej. Poniedzia\u0142kowa uchwa\u0142a rady gminy, w kt\u00f3rej wi\u0119kszo\u015b\u0107 radnych by\u0142a za utworzeniem aglomeracji nie zamyka bowiem sprawy, a dopiero j\u0105 otwiera.<\/span> <\/strong><\/p>\n<p style=\"text-align: justify;\">O co chodzi? Podobno wi\u0119kszo\u015b\u0107 mieszka\u0144c\u00f3w nie za bardzo si\u0119 orientuje. A w skr\u00f3cie chodzi o pomys\u0142 utworzenia przez miasto Lubin i gmin\u0119 wiejsk\u0105 Lubin aglomeracji, by wsp\u00f3lnie ubiega\u0107 si\u0119 o dotacj\u0119 na modernizacj\u0119 i rozbudow\u0119 sieci wodno-kanalizacyjnej. Dzi\u0119ki temu mo\u017cna by uzyska\u0107 wi\u0119cej pieni\u0119dzy oraz skierowa\u0107 \u015bcieki z gminy do oczyszczalni w Lubinie.<\/p>\n<p style=\"text-align: justify;\">Radni opozycyjni z \u201eRazem dla gminy Lubin\u201d chc\u0105 wi\u0119c, by zapyta\u0107 o zdanie mieszka\u0144c\u00f3w gminy. Przygotowali ulotk\u0119, by jak m\u00f3wi\u0105 poinformowa\u0107 o wszystkim ludzi. Wypunktowuj\u0105<br \/>\nw niej, to co wed\u0142ug nich z\u0142ego przyniesie stworzenie aglomeracji.<\/p>\n<p style=\"text-align: justify;\">Nie jest wa\u017cne czy \u015bcieki p\u0142yn\u0105 do miejskiej czy gminnej oczyszczalni. Mieszka\u0144ca interesuje czy nie b\u0119dzie p\u0142aci\u0142 wi\u0119cej. Uzale\u017cnienie si\u0119 od miasta mo\u017ce spowodowa\u0107 podwy\u017cki. Ta nieufno\u015b\u0107 to wina w\u0142adz Lubina, kt\u00f3re ju\u017c kiedy\u015b postawi\u0142y nas \u201epod \u015bcian\u0105\u201d w sytuacji, gdy oba samorz\u0105dy nie potrafi\u0142y si\u0119 porozumie\u0107 w sprawie op\u0142at za uczni\u00f3w z gminy chodz\u0105cych do szk\u00f3\u0142 miejskich i wtedy chcia\u0142y nasze dzieci wyrzuci\u0107 ze szk\u00f3\u0142 m\u00f3wi Pawe\u0142 \u0141ukasiewicz<br \/>\nz \u201eRazem dla gminy Lubin\u201d, klubu opozycyjnego\u00a0w stosunku do w\u00f3jta Tadeusza Kielana.\u00a0.<\/p>\n<p style=\"text-align: justify;\">W\u0142adze gminy ca\u0142y czas przypominaj\u0105 jednak, \u017ce m\u00f3wienie o podwy\u017ckach to straszenie mieszka\u0144c\u00f3w na wyrost, bo cz\u0119\u015bciowa aglomeracja ju\u017c istnieje i \u015bcieki z Krzeczyna Wielkiego, Gorzycy, Goli, Krzeczyna Ma\u0142ego p\u0142yn\u0105 do miasta. A mieszka\u0144cy tych miejscowo\u015bci nie p\u0142ac\u0105 wcale wi\u0119cej ni\u017c pozostali z\u00a0gminy.<\/p>\n<p style=\"text-align: justify;\">Wed\u0142ug radnych najlepiej by\u0142oby przeprowadzi\u0107 konsultacje spo\u0142eczne. \u2013 Najwi\u0119kszym problemem jest, \u017ce w\u00f3jt oraz pracownicy urz\u0119du gminy pracowali nad tym pomys\u0142em i znali go od kilku miesi\u0119cy. A radni, na kt\u00f3rych spoczywa najwi\u0119ksza odpowiedzialno\u015b\u0107 zostali zaskoczeni przez w\u00f3jta, kt\u00f3ry oczekiwa\u0142 od nich podj\u0119cia decyzji w ci\u0105gu zaledwie sze\u015bciu dni. Uwa\u017caj\u0105, \u017ce decyzj\u0119 w sprawie utworzenia aglomeracji powinni podj\u0105\u0107 mieszka\u0144cy.<\/p>\n<p style=\"text-align: justify;\">Gdy pytamy w Urz\u0119dzie Gminy Lubin o mo\u017cliwo\u015b\u0107 przeprowadzenia referendum lub konsultacji, okazuje si\u0119, \u017ce urz\u0105d zapyta mieszka\u0144c\u00f3w o zdanie i to ju\u017c wkr\u00f3tce.<\/p>\n<p style=\"text-align: justify;\">Rozpocz\u0119li\u015bmy ju\u017c przygotowania do przeprowadzenia konsultacji spo\u0142ecznych dotycz\u0105cych m.in. rozszerzenia aglomeracji wodno-kanalizacyjnej. Spektrum bada\u0144 preferencji mieszka\u0144c\u00f3w b\u0119dzie jednak znacznie szersze. Chcemy poprosi\u0107 o opini\u0119 w wielu innych kwestiach, nurtuj\u0105cych zar\u00f3wno spo\u0142eczno\u015b\u0107 gminy Lubin, jak i jej w\u0142adze. Mamy nadziej\u0119, \u017ce do ko\u0144ca pa\u017adziernika ankieta konsultacyjna trafi do mieszka\u0144c\u00f3w \u2013 m\u00f3wi w\u00f3jt gminy Lubin Tadusz Kielan.<\/p>\n<p style=\"text-align: justify;\">\u017ar\u00f3d\u0142o: lubin.pl<\/p>\n<p style=\"text-align: center; font-size: 2em; margin-top: 0px;\"><span style=\"color: #993300;\">***********<\/span><\/p>\n<p style=\"text-align: left;\">09.09.2016<\/p>\n<p style=\"text-align: center;\"><span style=\"text-decoration: underline;\"><strong>UTRUDNIENIA POD KO\u015aCIO\u0141EM<\/strong><\/span><\/p>\n<p style=\"text-align: left;\"><strong><hr class=\"wc-shortcodes-spacing \" style=\"height: 10px\" \/> <\/strong>W zwi\u0105zku z trwaj\u0105cymi robotami drogowymi bardzo trudno\u00a0 zaparkowa\u0107 w okolicach sklepu i ko\u015bcio\u0142a. Osoby, kt\u00f3re zawsze w niedziel\u0119 przyje\u017cd\u017ca\u0142y na msz\u0119 \u015bwi\u0119t\u0105\u00a0 samochodem powinny w tym dniu rozwa\u017cy\u0107 spacer <span style=\"color: #993300;\"><span style=\"color: #000000;\"> do ko\u015bcio\u0142a<\/span> \ud83d\ude42<\/span><\/p>\n<p style=\"text-align: center; font-size: 2em; margin-top: 0px;\"><span style=\"color: #993300;\">***********<\/span><\/p>\n<p style=\"text-align: left;\">09.09.2016<\/p>\n<p style=\"text-align: center;\"><strong style=\"text-align: justify;\"><a href=\"http:\/\/test.pieszkow.hostilla.pl\/wp-content\/uploads\/2016\/08\/zebranie-o-fundusz.jpg\"><img loading=\"lazy\" decoding=\"async\" width=\"250\" height=\"132\" class=\"alignnone size-medium wp-image-2599\" src=\"http:\/\/test.pieszkow.hostilla.pl\/wp-content\/uploads\/2016\/08\/zebranie-o-fundusz-250x132.jpg\" alt=\"zebranie o fundusz\" srcset=\"http:\/\/test.pieszkow.hostilla.pl\/wp-content\/uploads\/2016\/08\/zebranie-o-fundusz-250x132.jpg 250w, http:\/\/test.pieszkow.hostilla.pl\/wp-content\/uploads\/2016\/08\/zebranie-o-fundusz-120x63.jpg 120w, http:\/\/test.pieszkow.hostilla.pl\/wp-content\/uploads\/2016\/08\/zebranie-o-fundusz.jpg 309w\" sizes=\"auto, (max-width: 250px) 100vw, 250px\" \/><\/a><\/strong><\/p>\n<p style=\"text-align: center;\"><strong><hr class=\"wc-shortcodes-spacing \" style=\"height: 10px\" \/><\/strong><\/p>\n<p style=\"text-align: justify;\">\u00a0\u00a0\u00a0\u00a0\u00a0\u00a0 <span style=\"text-decoration: underline;\"><strong><span style=\"font-size: 18px;\">W dniu 20.09.2016 (wtorek) w \u015bwietlicy o godz. 18.00<\/span> <\/strong><\/span>odb\u0119dzie si\u0119 zebranie mieszka\u0144c\u00f3w dotycz\u0105ce podzia\u0142u funduszu so\u0142eckiego na rok 2017<\/p>\n<p>Porz\u0105dek zebrania:<\/p>\n<p>1.Informacja o wykorzystaniu funduszu za rok 2016<\/p>\n<p>2.Podzia\u0142 funduszu na rok 2017<\/p>\n<p>3.Sprawy r\u00f3\u017cne i wolne wnioski<\/p>\n<p style=\"text-align: center; font-size: 2em; margin-top: 0px;\"><span style=\"color: #993300;\">***********<\/span><\/p>\n<p style=\"text-align: left;\">31.08.2016<\/p>\n<p style=\"text-align: center;\"><a href=\"http:\/\/test.pieszkow.hostilla.pl\/wp-content\/uploads\/2016\/08\/fundusz.png\"><img loading=\"lazy\" decoding=\"async\" class=\"alignnone wp-image-2598\" src=\"http:\/\/test.pieszkow.hostilla.pl\/wp-content\/uploads\/2016\/08\/fundusz-250x143.png\" alt=\"fundusz\" width=\"196\" height=\"112\" srcset=\"http:\/\/test.pieszkow.hostilla.pl\/wp-content\/uploads\/2016\/08\/fundusz-250x143.png 250w, http:\/\/test.pieszkow.hostilla.pl\/wp-content\/uploads\/2016\/08\/fundusz-120x69.png 120w, http:\/\/test.pieszkow.hostilla.pl\/wp-content\/uploads\/2016\/08\/fundusz.png 300w\" sizes=\"auto, (max-width: 196px) 100vw, 196px\" \/><\/a><\/p>\n<p style=\"text-align: center;\"><strong><hr class=\"wc-shortcodes-spacing \" style=\"height: 10px\" \/><\/strong><\/p>\n<p style=\"text-align: justify;\">\u00a0\u00a0\u00a0\u00a0\u00a0\u00a0 Ju\u017c 20.09.2016 odb\u0119dzie si\u0119 zebranie\u00a0 mieszka\u0144c\u00f3w dotycz\u0105ce podzia\u0142u funduszu so\u0142eckiego na rok 2017. W roku 2016 do wykorzystania by\u0142a kwota 26.334,89 z\u0142<br \/>\ni zosta\u0142a podzielona na nast\u0119puj\u0105ce zadania &#8211; <span style=\"text-decoration: underline; color: #ff6600;\"><em><strong><a style=\"color: #ff6600; text-decoration: underline;\" href=\"http:\/\/test.pieszkow.hostilla.pl\/wp-content\/uploads\/2016\/08\/Zadania-z-funduszu-so\u0142eckiego-na-rok-2016.pdf\"><span style=\"color: #993300; text-decoration: underline;\">Zadania z funduszu so\u0142eckiego na rok 2016 pdf.<\/span> <\/a><\/strong><\/em><\/span><\/p>\n<p style=\"text-align: justify;\">Dlaczego fundusz so\u0142ecki jest tak dla nas wa\u017cny ?<\/p>\n<p style=\"text-align: justify;\">\u00a0\u00a0\u00a0\u00a0\u00a0\u00a0\u00a0\u00a0 Fundusz so\u0142ecki to nasze pieni\u0105dze! Decyzja o tym, na co wyda\u0107 pieni\u0105dze, nale\u017cy tylko do mieszka\u0144c\u00f3w, ich zdanie jest wi\u0105\u017c\u0105ce i nikt ich w podj\u0119ciu decyzji na zebraniu wiejskim zast\u0105pi\u0107 nie mo\u017ce. Fundusz so\u0142ec\u00adki to jedyne rozwi\u0105zanie w Polsce, w ramach kt\u00f3rego o cz\u0119\u015bci bud\u017cetu gminy decyduj\u0105 bezpo\u015brednio mieszka\u0144cy, a ich wola zobowi\u0105zuje w\u00f3jta, burmi\u00adstrza czy prezydenta do wpisania efekt\u00f3w owych decyzji do projektu bud\u017ce\u00adtu. Korzystajmy z tej szansy !<\/p>\n<p style=\"text-align: justify;\">Dla tych mieszka\u0144c\u00f3w, kt\u00f3rzy jeszcze nie byli na zebraniu przy podziale funduszu chc\u0119 powiedzie\u0107, \u017ce fundusz so\u0142ecki wi\u0105\u017ce si\u0119 z o\u017cywionymi dyskusjami i wymian\u0105 pogl\u0105d\u00f3w. Ale to w\u0142a\u015bnie dzi\u0119ki takim rozmowom powstaj\u0105 pomys\u0142y rozwi\u0105\u00adzania problem\u00f3w w so\u0142ectwie. I to nie tylko o to, na co wyda\u0107 pieni\u0105dze, ale te\u017c o to, co jest w so\u0142ectwie wa\u017cne, jak chcemy rozwija\u0107 nasze so\u0142ectwo, kto odpowiada za drogi, rowy, tereny zielone, jak ma dzia\u0142a\u0107 \u015bwietlica i kto musi j\u0105 utrzyma\u0107 itd.<\/p>\n<p style=\"text-align: justify;\">W tym roku do podzia\u0142u jest kwota 28.565,34 z\u0142.<\/p>\n<p style=\"text-align: justify;\">Je\u017celi masz jakie\u015b pomys\u0142y na co rozdzieli\u0107 te pieni\u0105dze to przyjd\u017a na zebranie i zaproponuj.<\/p>\n<p>\u00a0\u00a0\u00a0\u00a0\u00a0\u00a0\u00a0\u00a0 Mo\u017cesz tak\u017ce wys\u0142a\u0107 do nas maila na adres <span style=\"color: #993300;\"><em><strong>biuro@pieszkow.pl<\/strong><\/em><\/span> ze swoimi uwagami<br \/>\ni propozycjami, kt\u00f3re na pewno zostan\u0105 przedstawione do dyskusji radzie so\u0142eckiej<br \/>\ni mieszka\u0144com na zebraniu.<\/p>\n<p style=\"text-align: justify;\">Wykorzystaj t\u0119 szans\u0119 !<\/p>\n<p style=\"text-align: justify;\">O terminie zebrania poinformujemy Pa\u0144stwa na naszej stronie.<\/p>\n<p style=\"text-align: center; font-size: 2em; margin-top: 0px;\"><span style=\"color: #993300;\">***********<\/span><\/p>\n<p style=\"text-align: left;\">29.08.2016<\/p>\n<p style=\"text-align: center;\"><span style=\"text-decoration: underline;\"><strong>40 LAT MIN\u0118\u0141O &#8230;..<br \/>\n<\/strong><\/span><\/p>\n<p style=\"text-align: center;\"><a href=\"http:\/\/test.pieszkow.hostilla.pl\/wp-content\/uploads\/2016\/08\/DSC_1334.jpg\"><img loading=\"lazy\" decoding=\"async\" class=\"alignnone wp-image-2585\" src=\"http:\/\/test.pieszkow.hostilla.pl\/wp-content\/uploads\/2016\/08\/DSC_1334-150x150.jpg\" alt=\"DSC_1334\" width=\"171\" height=\"171\" \/><\/a><\/p>\n<p style=\"text-align: center;\"><strong><hr class=\"wc-shortcodes-spacing \" style=\"height: 10px\" \/><\/strong><\/p>\n<p><center>Co prawda 40 lat minie za kilka dni, ale parafianie korzystaj\u0105c z okazji na zako\u0144czenie<\/center><center>niedzielnej mszy \u015bwi\u0119tej z\u0142o\u017cyli \u017cyczenia urodzinowe Ks. Mirkowi. W\u015br\u00f3d \u017cycze\u0144 wielu \u0142ask Bo\u017cych i powodzenia w s\u0142u\u017cbie kap\u0142a\u0144skiej znalaz\u0142y si\u0119 te\u017c podzi\u0119kowania za prowadzenie pi\u0119knych eucharystii w naszym ko\u015bciele i za dowcipy, kt\u00f3rymi nas cz\u0119sto rozwesela.<\/center><\/p>\n<p style=\"text-align: center;\"><a href=\"http:\/\/test.pieszkow.hostilla.pl\/?page_id=686\"><span style=\"text-decoration: underline;\"><em><strong>galeria zdj\u0119\u0107 <\/strong><\/em><\/span><\/a><\/p>\n<p style=\"text-align: center; font-size: 2em; margin-top: 0px;\"><span style=\"color: #993300;\">***********<\/span><\/p>\n<p style=\"text-align: left;\">28.08.2016<\/p>\n<p style=\"text-align: center;\"><span style=\"text-decoration: underline;\"><strong>WYR\u00d3\u017bNIENIE DLA PIESZKOWIANEK<br \/>\n<\/strong><\/span><\/p>\n<p style=\"text-align: center;\"><a href=\"http:\/\/test.pieszkow.hostilla.pl\/wp-content\/uploads\/2016\/08\/DSC_1330.jpg\"><img loading=\"lazy\" decoding=\"async\" class=\"alignnone wp-image-2572 \" src=\"http:\/\/test.pieszkow.hostilla.pl\/wp-content\/uploads\/2016\/08\/DSC_1330-250x376.jpg\" alt=\"DSC_1330\" width=\"148\" height=\"222\" srcset=\"http:\/\/test.pieszkow.hostilla.pl\/wp-content\/uploads\/2016\/08\/DSC_1330-250x376.jpg 250w, http:\/\/test.pieszkow.hostilla.pl\/wp-content\/uploads\/2016\/08\/DSC_1330-768x1157.jpg 768w, http:\/\/test.pieszkow.hostilla.pl\/wp-content\/uploads\/2016\/08\/DSC_1330-700x1054.jpg 700w, http:\/\/test.pieszkow.hostilla.pl\/wp-content\/uploads\/2016\/08\/DSC_1330-120x181.jpg 120w, http:\/\/test.pieszkow.hostilla.pl\/wp-content\/uploads\/2016\/08\/DSC_1330.jpg 1024w\" sizes=\"auto, (max-width: 148px) 100vw, 148px\" \/><\/a><\/p>\n<p><strong><hr class=\"wc-shortcodes-spacing \" style=\"height: 10px\" \/><\/strong>W dniu 27.08.2016 w ramach obchodzonych w Krzeczynie Wielkim do\u017cynek odby\u0142 si\u0119 konkurs na Najpi\u0119kniejszy Wieniec Do\u017cynkowy Gminy Lubin. W konkursie tym po raz pierwszy wzi\u0105\u0142 udzia\u0142 tak\u017ce wieniec wykonany przez grup\u0119 Pieszkowianki. Naszym przedstawicielkom uda\u0142o si\u0119 zdoby\u0107 wyr\u00f3\u017cnienie i nagrod\u0119 w wysoko\u015bci 100 z\u0142.\u00a0 W konkursie zwyci\u0119\u017cy\u0142 wieniec<br \/>\nz Czerniec.<\/p>\n<p style=\"text-align: center;\"><a href=\"http:\/\/test.pieszkow.hostilla.pl\/?page_id=2575\"><span style=\"text-decoration: underline;\"><em><strong>galeria zdj\u0119\u0107 z konkursu<\/strong><\/em><\/span><\/a><\/p>\n<p style=\"text-align: center; font-size: 2em; margin-top: 0px;\"><span style=\"color: #993300;\">***********<\/span><\/p>\n<p style=\"text-align: left;\">27.08.2016<\/p>\n<p style=\"text-align: center;\"><span style=\"text-decoration: underline;\"><strong>ODPUST W KO\u015aCIELE PW. MATKI BO\u017bEJ CZ\u0118STOCHOWSKIEJ<br \/>\n<\/strong><\/span><\/p>\n<p style=\"text-align: justify;\"><strong><hr class=\"wc-shortcodes-spacing \" style=\"height: 10px\" \/> <\/strong>W pi\u0105tek 26.08.2016 w naszym ko\u015bciele w Pieszkowie odby\u0142 si\u0119 Odpust. Na pocz\u0105tku mszy \u015bwi\u0119tej ks. proboszcz powita\u0142 przyby\u0142ych go\u015bci:<br \/>\nprowadz\u0105cego\u00a0 uroczysto\u015b\u0107 ks. Piotra W\u0119\u017ca &#8211; dyrektora wsp\u00f3lnoty Salezja\u0144skiej NMP Wspomo\u017cenia Wiernych w Poznaniu.<br \/>\nKs. Andrzeja Drwi\u0142\u0119, dziekana dekanatu Lubin wsch\u00f3d, proboszcza parafii \u015bw. Jana Sarkandra. Wsp\u00f3\u0142braci ze wsp\u00f3lnoty NSPJ w Lubinie z jej dyrektorem, dyrektorem Salezja\u0144skiego Liceum Og\u00f3lnokszta\u0142c\u0105cego w Lubinie ks. Mariuszem Je\u017cewiczem oraz ks. Jana<br \/>\nDyrektora Wsp\u00f3lnoty i proboszcza parafii MB Cz\u0119stochowskiej w Lubinie &#8211; ks. Paw\u0142a Bujaka. Ks. proboszcza Krzysztofa Antosika z parafii \u015aw. Tr\u00f3jcy z Mi\u0142oradzic.<br \/>\nKs. proboszcza z parafii Niepokalanego Serca NMP z Rasz\u00f3wki &#8211; Stanis\u0142awa Bucht\u0119<br \/>\ni ks. Tadeusza Winnickiego.<br \/>\nKs. proboszcz Wojciech Skowron podzi\u0119kowa\u0142 za pomoc w przygotowaniach i uczestnictwo we mszy \u015bwi\u0119tej pochodz\u0105cemu z naszego Pieszkowa klerykowi Mateuszowi oraz klerykom Jaros\u0142awowi i Piotrowi. Podzi\u0119kowania otrzyma\u0142 tak\u017ce Tomasz Plicha &#8211; szafarz Naj\u015bwi\u0119tszej Eucharystii i Liturgicznej S\u0142u\u017cby O\u0142tarza w Pieszkowie.<br \/>\nOczywi\u015bcie nie zapomnia\u0142 podzi\u0119kowa\u0107 tak\u017ce ch\u00f3rowi z parafii \u015bw. MM Kolbe w Lubinie oraz wszystkim przyby\u0142ym na uroczysto\u015b\u0107.<\/p>\n<p style=\"text-align: center;\"><span style=\"text-decoration: underline;\"><em><strong><a href=\"http:\/\/test.pieszkow.hostilla.pl\/?page_id=686\">galeria zdj\u0119\u0107 z Odpustu<\/a><\/strong><\/em><\/span><\/p>\n<p style=\"text-align: center; font-size: 2em; margin-top: 0px;\"><span style=\"color: #993300;\">***********<\/span><\/p>\n<p style=\"text-align: left;\">22.08.2016<\/p>\n<p style=\"text-align: center;\"><span style=\"text-decoration: underline;\"><strong>DO\u017bYNKI 2016 JU\u017b ZA NAMI<br \/>\n<\/strong><\/span><\/p>\n<p style=\"text-align: center;\"><a href=\"http:\/\/test.pieszkow.hostilla.pl\/wp-content\/uploads\/2016\/08\/7.jpg\"><img loading=\"lazy\" decoding=\"async\" class=\"alignnone wp-image-2411\" src=\"http:\/\/test.pieszkow.hostilla.pl\/wp-content\/uploads\/2016\/08\/7-250x376.jpg\" alt=\"7\" width=\"208\" height=\"313\" srcset=\"http:\/\/test.pieszkow.hostilla.pl\/wp-content\/uploads\/2016\/08\/7-250x376.jpg 250w, http:\/\/test.pieszkow.hostilla.pl\/wp-content\/uploads\/2016\/08\/7-768x1156.jpg 768w, http:\/\/test.pieszkow.hostilla.pl\/wp-content\/uploads\/2016\/08\/7-700x1054.jpg 700w, http:\/\/test.pieszkow.hostilla.pl\/wp-content\/uploads\/2016\/08\/7-120x181.jpg 120w, http:\/\/test.pieszkow.hostilla.pl\/wp-content\/uploads\/2016\/08\/7.jpg 800w\" sizes=\"auto, (max-width: 208px) 100vw, 208px\" \/><\/a><\/p>\n<p style=\"text-align: justify;\"><strong><hr class=\"wc-shortcodes-spacing \" style=\"height: 10px\" \/><\/strong>Tegoroczne do\u017cynki rozpocz\u0119\u0142y si\u0119 tradycyjnie msz\u0105 \u015bwi\u0119t\u0105 w ko\u015bciele o godz.16.00.\u00a0 Po mszy uroczysto\u015bci przenios\u0142y si\u0119 do \u015bwietlicy, gdzie wyst\u0105pi\u0142 zesp\u00f3\u0142 Le\u015bne Echo z Rasz\u00f3wki.<br \/>\nR\u00f3wnocze\u015bnie na terenie przy \u015bwietlicy trwa\u0142o grillowanie, gdzie ka\u017cdy z mieszka\u0144c\u00f3w m\u00f3g\u0142 spr\u00f3bowa\u0107 gor\u0105cej kie\u0142baski.<br \/>\nO godzinie 20.00 rozpocz\u0119\u0142a si\u0119 impreza taneczna z zespo\u0142em BRAVO, kt\u00f3ra potrwa\u0142a do p\u00f3\u017anych godzin nocnych.<\/p>\n<p style=\"text-align: center;\"><a href=\"http:\/\/test.pieszkow.hostilla.pl\/?page_id=2392\"><span style=\"text-decoration: underline;\"><em><strong>galeria zdj\u0119\u0107 z do\u017cynek 2016<\/strong><\/em><\/span><\/a><\/p>\n<p style=\"text-align: center; font-size: 2em; margin-top: 0px;\"><span style=\"color: #993300;\">***********<\/span><\/p>\n<p style=\"text-align: left;\">16.08.2016<\/p>\n<p style=\"text-align: center;\"><span style=\"text-decoration: underline;\"><strong>NIE ZAPARKUJESZ JU\u017b POD URZ\u0118DEM GMINY<br \/>\n<\/strong><\/span><\/p>\n<p style=\"text-align: center;\"><a href=\"http:\/\/test.pieszkow.hostilla.pl\/wp-content\/uploads\/2016\/08\/zakaz-wjazdu.png\"><img loading=\"lazy\" decoding=\"async\" class=\"alignnone wp-image-2386\" src=\"http:\/\/test.pieszkow.hostilla.pl\/wp-content\/uploads\/2016\/08\/zakaz-wjazdu-250x187.png\" alt=\"zakaz wjazdu\" width=\"157\" height=\"117\" srcset=\"http:\/\/test.pieszkow.hostilla.pl\/wp-content\/uploads\/2016\/08\/zakaz-wjazdu-250x187.png 250w, http:\/\/test.pieszkow.hostilla.pl\/wp-content\/uploads\/2016\/08\/zakaz-wjazdu-120x90.png 120w, http:\/\/test.pieszkow.hostilla.pl\/wp-content\/uploads\/2016\/08\/zakaz-wjazdu.png 259w\" sizes=\"auto, (max-width: 157px) 100vw, 157px\" \/><\/a><\/p>\n<p style=\"text-align: left;\"><strong><hr class=\"wc-shortcodes-spacing \" style=\"height: 10px\" \/><\/strong>W ostatnich dniach mieszka\u0144c\u00f3w Naszej gminy, kt\u00f3rzy przyje\u017cd\u017caj\u0105 do urz\u0119du za\u0142atwia\u0107 r\u00f3\u017cnego rodzaju sprawy, czeka niemi\u0142a niespodzianka. Parking, z kt\u00f3rego do tej pory korzystali zosta\u0142\u00a0 zamkni\u0119ty.\u00a0 Przy jego wje\u017adzie\u00a0 postawiono znak drogowy informuj\u0105cy o zakazie wjazdu.<\/p>\n<p style=\"text-align: left;\">\u017ar\u00f3d\u0142o: gmina.lubin.pl<\/p>\n<p style=\"text-align: center; font-size: 2em; margin-top: 0px;\"><span style=\"color: #993300;\">***********<\/span><\/p>\n<p style=\"text-align: left;\">12.08.2016<\/p>\n<p style=\"text-align: center;\"><span style=\"text-decoration: underline;\"><strong>ZMIANY W PROGRAMIE OBCHOD\u00d3W DO\u017bYNKI 2016<br \/>\n<\/strong><\/span><\/p>\n<p style=\"text-align: center;\"><a href=\"http:\/\/test.pieszkow.hostilla.pl\/wp-content\/uploads\/2016\/07\/do\u017cynki-2016.jpg\"><img loading=\"lazy\" decoding=\"async\" width=\"250\" height=\"170\" class=\"alignnone size-medium wp-image-2337\" src=\"http:\/\/test.pieszkow.hostilla.pl\/wp-content\/uploads\/2016\/07\/do\u017cynki-2016-250x170.jpg\" alt=\"do\u017cynki 2016\" srcset=\"http:\/\/test.pieszkow.hostilla.pl\/wp-content\/uploads\/2016\/07\/do\u017cynki-2016-250x170.jpg 250w, http:\/\/test.pieszkow.hostilla.pl\/wp-content\/uploads\/2016\/07\/do\u017cynki-2016-768x522.jpg 768w, http:\/\/test.pieszkow.hostilla.pl\/wp-content\/uploads\/2016\/07\/do\u017cynki-2016-700x476.jpg 700w, http:\/\/test.pieszkow.hostilla.pl\/wp-content\/uploads\/2016\/07\/do\u017cynki-2016-120x82.jpg 120w, http:\/\/test.pieszkow.hostilla.pl\/wp-content\/uploads\/2016\/07\/do\u017cynki-2016.jpg 1088w\" sizes=\"auto, (max-width: 250px) 100vw, 250px\" \/><\/a><\/p>\n<p style=\"text-align: center;\"><strong><hr class=\"wc-shortcodes-spacing \" style=\"height: 10px\" \/><\/strong><\/p>\n<p style=\"text-align: center;\">Zmieni\u0142y si\u0119 godziny rozpocz\u0119cia mszy \u015bwi\u0119tej i imprez do\u017cynkowych w dniu 20.08.2016<\/p>\n<p style=\"text-align: left;\">16.00 &#8211; Msza do\u017cynkowa<br \/>\n17.00 &#8211; Wyst\u0119p zespo\u0142u Le\u015bne Echo z Rasz\u00f3wki<br \/>\nod 17.30 &#8211; Integracja przy grillu. Teren przy \u015bwietlicy<br \/>\n20.00 &#8211; Zabawa taneczna w \u015bwietlicy z zespo\u0142em BRAVO<strong><br \/>\n<\/strong><\/p>\n<p style=\"text-align: center; font-size: 2em; margin-top: 0px;\"><span style=\"color: #993300;\">***********<\/span><\/p>\n<p style=\"text-align: left;\">10.08.2016<\/p>\n<p style=\"text-align: center;\"><span style=\"text-decoration: underline;\"><strong>ZAKUP BILET\u00d3W AUTOBUSOWYCH DLA DZIECI Z GMINY LUBIN &#8211; aktualizacja<br \/>\n<\/strong><\/span><\/p>\n<p><a href=\"http:\/\/test.pieszkow.hostilla.pl\/wp-content\/uploads\/2016\/08\/autobus-szkolny.jpg\"><img loading=\"lazy\" decoding=\"async\" width=\"250\" height=\"140\" class=\"size-medium wp-image-2362 alignright\" src=\"http:\/\/test.pieszkow.hostilla.pl\/wp-content\/uploads\/2016\/08\/autobus-szkolny-250x140.jpg\" alt=\"autobus szkolny\" srcset=\"http:\/\/test.pieszkow.hostilla.pl\/wp-content\/uploads\/2016\/08\/autobus-szkolny-250x140.jpg 250w, http:\/\/test.pieszkow.hostilla.pl\/wp-content\/uploads\/2016\/08\/autobus-szkolny-768x429.jpg 768w, http:\/\/test.pieszkow.hostilla.pl\/wp-content\/uploads\/2016\/08\/autobus-szkolny-700x391.jpg 700w, http:\/\/test.pieszkow.hostilla.pl\/wp-content\/uploads\/2016\/08\/autobus-szkolny-120x67.jpg 120w, http:\/\/test.pieszkow.hostilla.pl\/wp-content\/uploads\/2016\/08\/autobus-szkolny.jpg 1024w\" sizes=\"auto, (max-width: 250px) 100vw, 250px\" \/><\/a><strong><hr class=\"wc-shortcodes-spacing \" style=\"height: 10px\" \/><\/strong><\/p>\n<p>Uczniowie gmin powiatu lubi\u0144skiego od 1 wrze\u015bnia b\u0119d\u0105 musieli mie\u0107 bilety uprawniaj\u0105ce ich do bezp\u0142atnych przejazd\u00f3w liniami Lubi\u0144skich Przewoz\u00f3w Pasa\u017cerskich (LPP). Wiadomo ju\u017c, \u017ce za podr\u00f3\u017ce m\u0142odych mieszka\u0144c\u00f3w Lubina i gminy wiejskiej Lubin zap\u0142ac\u0105 samorz\u0105dy.<\/p>\n<p>Szykuj\u0105c si\u0119 do uruchomienia komunikacji zbiorowej radni powiatu lubi\u0144skiego uchwalili, \u017ce przejazdy liniami LPP b\u0119d\u0105 bezp\u0142atne dla wszystkich opr\u00f3cz uczni\u00f3w szk\u00f3\u0142 podstawowych i gimnazj\u00f3w, kt\u00f3rzy mieszkaj\u0105 na terenie powiatu. Uczniowie musz\u0105 bowiem mie\u0107 bilety. Radni z Lubina i gminie Lubin podj\u0119li jednak uchwa\u0142y o wprowadzeniu specjalnych program\u00f3w, dzi\u0119ki kt\u00f3rym dzieci b\u0119d\u0105 mog\u0142y skorzysta\u0107 ze wsparcia samorz\u0105du.<\/p>\n<p>\u2013 Wystarczy, \u017ce rodzice podpisz\u0105 deklaracj\u0119 o obj\u0119cie ich dzieci programem wyr\u00f3wnywania szans edukacyjnych, aby uczniowie mogli dalej je\u017adzi\u0107 za darmo \u2013 wyja\u015bnia Andrzej Pude\u0142ko, naczelnik wydzia\u0142u o\u015bwiaty, kultury i nadzoru w\u0142a\u015bcicielskiego z Urz\u0119du Miejskiego w Lubinie. \u2013 Dzieci rodzic\u00f3w, kt\u00f3rzy nie podpisz\u0105 deklaracji, b\u0119d\u0105 musia\u0142y za przejazd zap\u0142aci\u0107 \u2013 dodaje.<\/p>\n<p>Na stra\u017cy nowych przepis\u00f3w stan\u0105 kontrolerzy.<\/p>\n<p>\u2013 U kierowcy autobusu b\u0119dzie mo\u017cna naby\u0107 bilet jednorazowy, a u przewo\u017anika (PKS Lubin \u2013 przyp. red.) okresowy. Powiat nie b\u0119dzie organizowa\u0142 kontroli, bo to r\u00f3wnie\u017c b\u0119dzie zadaniem przewo\u017anika. My wyznaczymy jedynie zakres kontroli \u2013 m\u00f3wi Tomasz Rosik, dyrektor departamentu infrastruktury i transportu Starostwa Powiatowego w Lubinie.<\/p>\n<p>Rodzice uczni\u00f3w szk\u00f3\u0142 podstawowych i gimnazjum musz\u0105 do 7 wrze\u015bnia z\u0142o\u017cy\u0107 specjalny wniosek w szko\u0142ach, aby ich dzieci otrzyma\u0142y bilet miesi\u0119czny umo\u017cliwiaj\u0105cy darmowy przejazd komunikacj\u0105 powiatow\u0105. Je\u015bli tego nie dopilnuj\u0105, b\u0119d\u0105 musieli si\u0119 liczy\u0107 z ewentualnym mandatem za jazd\u0119 swojej pociechy na gap\u0119.<\/p>\n<p>Taka konstrukcja nie zosta\u0142a wprowadzona przypadkowo. Pozwala ona gminom z powiatu lubi\u0144skiego na ni\u017csze koszty obs\u0142ugi komunikacji, poniewa\u017c \u2013 w my\u015bl obowi\u0105zuj\u0105cych przepis\u00f3w \u2013 za przejazdy dzieci obj\u0119tych programami wyr\u00f3wnywania szans edukacyjnych PKS-owi zap\u0142aci Urz\u0105d Marsza\u0142kowski Wojew\u00f3dztwa Dolno\u015bl\u0105skiego.<\/p>\n<p>\u017cr\u00f3d\u0142o: lubin.pl<\/p>\n<p style=\"text-align: center; font-size: 2em; margin-top: 0px;\"><span style=\"color: #993300;\">***********<\/span><\/p>\n<p style=\"text-align: left;\">07.08.2016<\/p>\n<p style=\"text-align: center;\"><span style=\"text-decoration: underline;\"><strong>SZCZEPIENIA PRZECIW W\u015aCIEKLI\u0179NIE W PIESZKOWIE<br \/>\n<\/strong><\/span><\/p>\n<p><strong><hr class=\"wc-shortcodes-spacing \" style=\"height: 10px\" \/><a href=\"http:\/\/test.pieszkow.hostilla.pl\/wp-content\/uploads\/2016\/08\/wscieklizna-2.jpg\"><img loading=\"lazy\" decoding=\"async\" class=\" wp-image-2374 alignright\" src=\"http:\/\/test.pieszkow.hostilla.pl\/wp-content\/uploads\/2016\/08\/wscieklizna-2-250x222.jpg\" alt=\"wscieklizna\" width=\"220\" height=\"195\" srcset=\"http:\/\/test.pieszkow.hostilla.pl\/wp-content\/uploads\/2016\/08\/wscieklizna-2-250x222.jpg 250w, http:\/\/test.pieszkow.hostilla.pl\/wp-content\/uploads\/2016\/08\/wscieklizna-2-120x106.jpg 120w, http:\/\/test.pieszkow.hostilla.pl\/wp-content\/uploads\/2016\/08\/wscieklizna-2.jpg 557w\" sizes=\"auto, (max-width: 220px) 100vw, 220px\" \/><\/a><\/strong><\/p>\n<p style=\"text-align: center;\"><strong>Dnia 09.08.2016<\/strong><br \/>\n<strong>w godz. 17.00-19.00<\/strong><\/p>\n<p style=\"text-align: center;\">ko\u0142o sklepu odb\u0119dzie si\u0119 szczepienie zwierz\u0105t przeciw w\u015bciekli\u017anie.<\/p>\n<p style=\"text-align: center; font-size: 2em; margin-top: 0px;\"><span style=\"color: #993300;\">***********<\/span><\/p>\n<p style=\"text-align: left;\">07.08.2016<\/p>\n<p style=\"text-align: center;\"><span style=\"text-decoration: underline;\"><strong>NOWE GODZINY PRACY SKLEPU<br \/>\n<\/strong><\/span><\/p>\n<p style=\"text-align: center;\"><a href=\"http:\/\/test.pieszkow.hostilla.pl\/wp-content\/uploads\/2016\/04\/DSC_0405.jpg\"><img loading=\"lazy\" decoding=\"async\" width=\"250\" height=\"166\" class=\"alignnone size-medium wp-image-1586\" src=\"http:\/\/test.pieszkow.hostilla.pl\/wp-content\/uploads\/2016\/04\/DSC_0405-250x166.jpg\" alt=\"DSC_0405\" srcset=\"http:\/\/test.pieszkow.hostilla.pl\/wp-content\/uploads\/2016\/04\/DSC_0405-250x166.jpg 250w, http:\/\/test.pieszkow.hostilla.pl\/wp-content\/uploads\/2016\/04\/DSC_0405-768x510.jpg 768w, http:\/\/test.pieszkow.hostilla.pl\/wp-content\/uploads\/2016\/04\/DSC_0405-700x465.jpg 700w, http:\/\/test.pieszkow.hostilla.pl\/wp-content\/uploads\/2016\/04\/DSC_0405-120x80.jpg 120w, http:\/\/test.pieszkow.hostilla.pl\/wp-content\/uploads\/2016\/04\/DSC_0405.jpg 1024w\" sizes=\"auto, (max-width: 250px) 100vw, 250px\" \/><\/a><\/p>\n<p style=\"text-align: center;\"><strong><hr class=\"wc-shortcodes-spacing \" style=\"height: 10px\" \/><\/strong><\/p>\n<p><center>W dniach od <strong>poniedzia\u0142ku 08.08.2016 do pi\u0105tku<\/strong> <strong>12.08.2016<\/strong> sklep b\u0119dzie otwarty<br \/>\nw godzinach:<\/center><center><\/center><center>7.00 &#8211; 11.00<\/center><center>15.00 &#8211; 19.00<\/center><\/p>\n<p style=\"text-align: center; font-size: 2em; margin-top: 0px;\"><span style=\"color: #993300;\">***********<\/span><\/p>\n<p style=\"text-align: left;\">04.08.2016<\/p>\n<p style=\"text-align: center;\"><span style=\"text-decoration: underline;\"><strong>ZAKUP BILET\u00d3W AUTOBUSOWYCH DLA DZIECI Z GMINY LUBIN<br \/>\n<\/strong><\/span><\/p>\n<p><a href=\"http:\/\/test.pieszkow.hostilla.pl\/wp-content\/uploads\/2016\/08\/autobus-szkolny.jpg\"><img loading=\"lazy\" decoding=\"async\" width=\"250\" height=\"140\" class=\"size-medium wp-image-2362 alignright\" src=\"http:\/\/test.pieszkow.hostilla.pl\/wp-content\/uploads\/2016\/08\/autobus-szkolny-250x140.jpg\" alt=\"autobus szkolny\" srcset=\"http:\/\/test.pieszkow.hostilla.pl\/wp-content\/uploads\/2016\/08\/autobus-szkolny-250x140.jpg 250w, http:\/\/test.pieszkow.hostilla.pl\/wp-content\/uploads\/2016\/08\/autobus-szkolny-768x429.jpg 768w, http:\/\/test.pieszkow.hostilla.pl\/wp-content\/uploads\/2016\/08\/autobus-szkolny-700x391.jpg 700w, http:\/\/test.pieszkow.hostilla.pl\/wp-content\/uploads\/2016\/08\/autobus-szkolny-120x67.jpg 120w, http:\/\/test.pieszkow.hostilla.pl\/wp-content\/uploads\/2016\/08\/autobus-szkolny.jpg 1024w\" sizes=\"auto, (max-width: 250px) 100vw, 250px\" \/><\/a><strong><hr class=\"wc-shortcodes-spacing \" style=\"height: 10px\" \/><\/strong><\/p>\n<p>Od 1wrze\u015bnia 2016 r. samorz\u0105d gminny rozpocznie realizacj\u0119 Lokalnego programu wyr\u00f3wnywania szans edukacyjnych dla dzieci i m\u0142odzie\u017cy zamieszka\u0142ych na terenie Gminy Lubin. Programem, obj\u0119ci b\u0119d\u0105 uczniowie szk\u00f3\u0142 podstawowych i gimnazjalnych, zamieszkali na terenie Gminy Lubin, kt\u00f3rzy z\u0142o\u017c\u0105 wniosek o obj\u0119cie ich programem. W ramach projektu Gmina Lubin zakupi miesi\u0119czne, imienne bilety, obowi\u0105zuj\u0105ce w powiatowej komunikacji publicznej.<\/p>\n<p>W zwi\u0105zku z powy\u017cszym informujemy, \u017ce wnioski nale\u017cy sk\u0142ada\u0107 w terminie do <u>7 wrze\u015bnia 2016 r.<\/u><\/p>\n<p>1) w sekretariacie szko\u0142y, do kt\u00f3rej ucz\u0119szcza ucze\u0144 \u2013 wnioski dotycz\u0105ce uczni\u00f3w ucz\u0119szczaj\u0105cych do szko\u0142y prowadzonej przez Gmin\u0119 lub Miasto Lubin;<\/p>\n<p>2) w Urz\u0119dzie Gminy w Lubinie w Referacie O\u015bwiaty, Kultury, Kultury Fizycznej i Zdrowia<br \/>\n( ul. \u0141okietka 6a pok. nr 3) \u2013 wnioski dotycz\u0105ce uczni\u00f3w szk\u00f3\u0142 podstawowych i gimnazjalnych, kt\u00f3rych organem prowadz\u0105cym <u>nie jest <\/u>Gmina lub Miasto Lubin.<\/p>\n<p>Za uczni\u00f3w do 18 roku \u017cycia, wnioski sk\u0142adaj\u0105 rodzice lub ustanowieni opiekunowie prawni albo kurator ustanowiony dla osoby ubezw\u0142asnowolnionej cz\u0119\u015bciowo. Szczeg\u00f3\u0142owe zasady i warunki realizacji \u201e Lokalnego programu wyr\u00f3wnywania szans edukacyjnych dla dzieci i m\u0142odzie\u017cy<br \/>\nz terenu Gminy Lubin\u201d wraz z formularzami wniosk\u00f3w zosta\u0142y okre\u015blone w uchwale<br \/>\nNr XXXVI\/230\/2016 Rady Gminy Lubin z dnia 29 czerwca 2016r.<\/p>\n<p style=\"text-align: justify;\">Wnioski mo\u017cna pobra\u0107 w sekretariacie szko\u0142y, do kt\u00f3rej ucz\u0119szcza ucze\u0144, dost\u0119pne s\u0105 r\u00f3wnie\u017c stronach www.ug.lubin.pl, <a href=\"http:\/\/www.bip.ug-lubin.dolnyslask.pl\/\">www.bip.ug-lubin.dolnyslask.pl\/<\/a>.<\/p>\n<p>Informacje na temat przedmiotowego programu udzielane s\u0105 w Urz\u0119dzie Gminy w Lubinie,<br \/>\nul. \u0141okietka 6a pok. nr 3 oraz pod nr tel. 76 84 03 181; 76 84 03 182; 76 84 03 148.<\/p>\n<p>\u017cr\u00f3d\u0142o: Urz\u0105d Gminy Lubin<\/p>\n<p style=\"text-align: center; font-size: 2em; margin-top: 0px;\"><span style=\"color: #993300;\">***********<\/span><\/p>\n<p style=\"text-align: left;\">21.07.2016<\/p>\n<p style=\"text-align: center;\"><span style=\"text-decoration: underline;\"><strong>MO\u017bNA JU\u017b P\u0141ACI\u0106 KART\u0104<br \/>\n<\/strong><\/span><\/p>\n<p style=\"text-align: center;\"><a href=\"http:\/\/test.pieszkow.hostilla.pl\/wp-content\/uploads\/2016\/04\/DSC_0405.jpg\"><img loading=\"lazy\" decoding=\"async\" width=\"250\" height=\"166\" class=\"alignnone size-medium wp-image-1586\" src=\"http:\/\/test.pieszkow.hostilla.pl\/wp-content\/uploads\/2016\/04\/DSC_0405-250x166.jpg\" alt=\"DSC_0405\" srcset=\"http:\/\/test.pieszkow.hostilla.pl\/wp-content\/uploads\/2016\/04\/DSC_0405-250x166.jpg 250w, http:\/\/test.pieszkow.hostilla.pl\/wp-content\/uploads\/2016\/04\/DSC_0405-768x510.jpg 768w, http:\/\/test.pieszkow.hostilla.pl\/wp-content\/uploads\/2016\/04\/DSC_0405-700x465.jpg 700w, http:\/\/test.pieszkow.hostilla.pl\/wp-content\/uploads\/2016\/04\/DSC_0405-120x80.jpg 120w, http:\/\/test.pieszkow.hostilla.pl\/wp-content\/uploads\/2016\/04\/DSC_0405.jpg 1024w\" sizes=\"auto, (max-width: 250px) 100vw, 250px\" \/><\/a><\/p>\n<p><strong><hr class=\"wc-shortcodes-spacing \" style=\"height: 10px\" \/><\/strong>Od kilku dni w naszym sklepie jest ju\u017c mo\u017cliwo\u015b\u0107 p\u0142atno\u015bci za zakupy kart\u0105.<\/p>\n<p style=\"text-align: center; font-size: 2em; margin-top: 0px;\"><span style=\"color: #993300;\">***********<\/span><\/p>\n<p style=\"text-align: left;\">19.07.2016<\/p>\n<p style=\"text-align: center;\"><span style=\"text-decoration: underline;\"><strong>BUDOWA CHODNIKA W PIESZKOWIE-aktualizacja<\/strong><\/span><\/p>\n<p style=\"text-align: center;\"><span style=\"text-decoration: underline;\"><a href=\"http:\/\/test.pieszkow.hostilla.pl\/wp-content\/uploads\/2016\/07\/DSC_4.jpg\"><img loading=\"lazy\" decoding=\"async\" width=\"250\" height=\"166\" class=\"alignnone size-medium wp-image-2329\" src=\"http:\/\/test.pieszkow.hostilla.pl\/wp-content\/uploads\/2016\/07\/DSC_4-250x166.jpg\" alt=\"DSC_4\" srcset=\"http:\/\/test.pieszkow.hostilla.pl\/wp-content\/uploads\/2016\/07\/DSC_4-250x166.jpg 250w, http:\/\/test.pieszkow.hostilla.pl\/wp-content\/uploads\/2016\/07\/DSC_4.jpg 700w, http:\/\/test.pieszkow.hostilla.pl\/wp-content\/uploads\/2016\/07\/DSC_4-120x80.jpg 120w\" sizes=\"auto, (max-width: 250px) 100vw, 250px\" \/><\/a><\/span><\/p>\n<p><strong><hr class=\"wc-shortcodes-spacing \" style=\"height: 10px\" \/><\/strong>Trwaj\u0105ce\u00a0 prace przy budowie chodnika zbli\u017caj\u0105 si\u0119 ju\u017c do drogi g\u0142\u00f3wnej. Na dzie\u0144 dzisiejszy roboty znajduj\u0105 si\u0119 na wysoko\u015bci sklepu. Zaniepokojenie mieszka\u0144c\u00f3w wzbudza\u0142a wysoko\u015b\u0107 kraw\u0119\u017cnik\u00f3w uk\u0142adanych wzd\u0142u\u017c drogi, kt\u00f3re mia\u0142y oddziela\u0107 j\u0105 od chodnika. Z informacji jakie uda\u0142o si\u0119 uzyska\u0107 od kierownika budowy wynika, \u017ce nie b\u0119d\u0105 tak wysokie, poniewa\u017c w tym miejscu na ca\u0142ej d\u0142ugo\u015bci zostanie dolane 8cm asfaltu. Budowany chodnik ma mie\u0107 ok. 2 metry szeroko\u015bci. &#8222;Wyprostowany&#8221; zostanie zakr\u0119t od sklepu do drogi g\u0142\u00f3wnej. Powstanie nowe o\u015bwietlenie. Koniec rob\u00f3t zaplanowany jest na koniec pa\u017adziernika 2016.<\/p>\n<p>B\u0119dziemy \u015bledzi\u0107 wykonywane prace i na bie\u017c\u0105co informowa\u0107 o ich post\u0119pie mieszka\u0144c\u00f3w na naszej stronie.<strong><br \/>\n<\/strong><\/p>\n<p style=\"text-align: justify;\">Etapy budowy chodnika i nowe zdj\u0119cia mo\u017cna zobaczy\u0107 <a href=\"http:\/\/test.pieszkow.hostilla.pl\/?page_id=2305&amp;preview=true\"><span style=\"text-decoration: underline;\"><em><strong>tutaj<\/strong><\/em><\/span><\/a><\/p>\n<p style=\"text-align: center; font-size: 2em; margin-top: 0px;\"><span style=\"color: #993300;\">***********<\/span><\/p>\n<p style=\"text-align: left;\">15.07.2016<\/p>\n<p style=\"text-align: center;\"><strong><u>ULEWY W PIESZKOWIE<br \/>\n<\/u><\/strong><\/p>\n<p><strong><hr class=\"wc-shortcodes-spacing \" style=\"height: 10px\" \/><\/strong>Wczorajsze silne wiatry i obfite opady deszczu mog\u0142y wyrz\u0105dzi\u0107 w\u015br\u00f3d mieszka\u0144c\u00f3w wiele szk\u00f3d. Je\u017celi chcesz si\u0119 podzieli\u0107 z nami jakie straty powsta\u0142y wok\u00f3\u0142 twojego domu to wy\u015blij nam zdj\u0119cia na adres: biuro@pieszkow.pl<\/p>\n\n\t\t<style type=\"text\/css\">\n\t\t\t#gallery-4 {\n\t\t\t\tmargin: auto;\n\t\t\t}\n\t\t\t#gallery-4 .gallery-item {\n\t\t\t\tfloat: left;\n\t\t\t\tmargin-top: 10px;\n\t\t\t\ttext-align: center;\n\t\t\t\twidth: 100%;\n\t\t\t}\n\t\t\t#gallery-4 img {\n\t\t\t\tborder: 2px solid #cfcfcf;\n\t\t\t}\n\t\t\t#gallery-4 .gallery-caption {\n\t\t\t\tmargin-left: 0;\n\t\t\t}\n\t\t\t\/* see gallery_shortcode() in wp-includes\/media.php *\/\n\t\t<\/style>\n\t\t<div id='gallery-4' class='gallery galleryid-2282 gallery-columns-1 gallery-size-thumbnail'><dl class='gallery-item'>\n\t\t\t<dt class='gallery-icon portrait'>\n\t\t\t\t<a href='http:\/\/test.pieszkow.hostilla.pl\/wp-content\/uploads\/2016\/07\/wierzba.jpg'><img loading=\"lazy\" decoding=\"async\" width=\"150\" height=\"150\" src=\"http:\/\/test.pieszkow.hostilla.pl\/wp-content\/uploads\/2016\/07\/wierzba-150x150.jpg\" class=\"attachment-thumbnail size-thumbnail\" alt=\"\" aria-describedby=\"gallery-4-2324\" \/><\/a>\n\t\t\t<\/dt>\n\t\t\t\t<dd class='wp-caption-text gallery-caption' id='gallery-4-2324'>\n\t\t\t\t10-cio letnia wierzba \ud83d\ude41\n\t\t\t\t<\/dd><\/dl><br style=\"clear: both\" \/>\n\t\t<\/div>\n\n<p style=\"text-align: center; font-size: 2em; margin-top: 0px;\"><span style=\"color: #993300;\">***********<\/span><\/p>\n<p style=\"text-align: left;\">08.07.2016<\/p>\n<p style=\"text-align: center;\"><strong><u>ZAKO\u0143CZENIE PRAC PRZY WJE\u0179DZIE DO KO\u015aCIO\u0141A<\/u><\/strong><u><\/u><\/p>\n<p style=\"text-align: center;\"><a href=\"http:\/\/test.pieszkow.hostilla.pl\/wp-content\/uploads\/2016\/07\/DSC_1014.jpg\"><img loading=\"lazy\" decoding=\"async\" width=\"250\" height=\"166\" class=\"alignnone size-medium wp-image-2317\" src=\"http:\/\/test.pieszkow.hostilla.pl\/wp-content\/uploads\/2016\/07\/DSC_1014-250x166.jpg\" alt=\"DSC_1014\" srcset=\"http:\/\/test.pieszkow.hostilla.pl\/wp-content\/uploads\/2016\/07\/DSC_1014-250x166.jpg 250w, http:\/\/test.pieszkow.hostilla.pl\/wp-content\/uploads\/2016\/07\/DSC_1014.jpg 700w, http:\/\/test.pieszkow.hostilla.pl\/wp-content\/uploads\/2016\/07\/DSC_1014-120x80.jpg 120w\" sizes=\"auto, (max-width: 250px) 100vw, 250px\" \/><\/a><\/p>\n<p><strong><hr class=\"wc-shortcodes-spacing \" style=\"height: 10px\" \/><\/strong>Zako\u0144czono prace na terenie\u00a0 ko\u015bcio\u0142a, kt\u00f3re maj\u0105 umo\u017cliwi\u0107 wjazd do niego bezpo\u015brednio z drogi gminnej. Ze wzgl\u0119du na niski stan bud\u017cetu naszej parafii koszty materia\u0142\u00f3w pokryli parafianie, a prace wykonywane by\u0142y przez ochotnik\u00f3w-mieszka\u0144c\u00f3w Pieszkowa. Przy budowie wjazdu bra\u0142y udzia\u0142 nast\u0119puj\u0105ce osoby:<\/p>\n<p style=\"text-align: center;\">Ko\u0142cz J\u00f3zef<\/p>\n<p style=\"text-align: center;\">Pachowicz Stanis\u0142aw<\/p>\n<p style=\"text-align: center;\">J\u0119drak Artur (Marcin)<\/p>\n<p style=\"text-align: center;\">Kocemba Roman<\/p>\n<p style=\"text-align: center;\">oraz<\/p>\n<p style=\"text-align: center;\">Cyrulak J\u00f3zef<\/p>\n<p style=\"text-align: center;\">Jurczyk Grzegorz<\/p>\n<p style=\"text-align: center;\">Panek Dariusz<\/p>\n<p style=\"text-align: justify;\">Dzi\u0119kujemy tak\u017ce Panu Januszowi Zajdlic za udost\u0119pnienie sprz\u0119tu niezb\u0119dnego przy budowie wjazdu.<\/p>\n<p>Ko\u0144cowy efekt mo\u017cna zobaczy\u0107 <strong><em><u><a href=\"http:\/\/test.pieszkow.hostilla.pl\/?page_id=1884\">tutaj<\/a><\/u><\/em><\/strong><\/p>\n<p style=\"text-align: center; font-size: 2em; margin-top: 0px;\"><span style=\"color: #993300;\">***********<\/span><\/p>\n<p style=\"text-align: left;\">05.07.2016<\/p>\n<p style=\"text-align: center;\"><span style=\"text-decoration: underline;\"><strong>BUDOWA CHODNIKA W PIESZKOWIE<\/strong><\/span><\/p>\n<p style=\"text-align: center;\"><span style=\"text-decoration: underline;\"><strong><a href=\"http:\/\/test.pieszkow.hostilla.pl\/wp-content\/uploads\/2016\/07\/DSC_0998.jpg\"><img loading=\"lazy\" decoding=\"async\" width=\"250\" height=\"166\" class=\"alignnone size-medium wp-image-2298\" src=\"http:\/\/test.pieszkow.hostilla.pl\/wp-content\/uploads\/2016\/07\/DSC_0998-250x166.jpg\" alt=\"DSC_0998\" srcset=\"http:\/\/test.pieszkow.hostilla.pl\/wp-content\/uploads\/2016\/07\/DSC_0998-250x166.jpg 250w, http:\/\/test.pieszkow.hostilla.pl\/wp-content\/uploads\/2016\/07\/DSC_0998-768x510.jpg 768w, http:\/\/test.pieszkow.hostilla.pl\/wp-content\/uploads\/2016\/07\/DSC_0998-700x465.jpg 700w, http:\/\/test.pieszkow.hostilla.pl\/wp-content\/uploads\/2016\/07\/DSC_0998-120x80.jpg 120w, http:\/\/test.pieszkow.hostilla.pl\/wp-content\/uploads\/2016\/07\/DSC_0998.jpg 800w\" sizes=\"auto, (max-width: 250px) 100vw, 250px\" \/><\/a><\/strong><\/span><\/p>\n<p><strong><hr class=\"wc-shortcodes-spacing \" style=\"height: 10px\" \/><\/strong>W ko\u0144cu rozpocz\u0119\u0142y si\u0119 prace nad budow\u0105 tak d\u0142ugo wyczekiwanego przez mieszka\u0144c\u00f3w chodnika. Niestety w tym roku chodnik\u00a0 b\u0119dzie zrobiony na odcinku 400 m. w jedn\u0105 i drug\u0105 stron\u0119. Wraz z budow\u0105 chodnika wi\u0105\u017ce si\u0119 przebudowa skrzy\u017cowania\u00a0 z obecnymi przystankami. W tym miejscu ma powsta\u0107 rondo z przystankiem, a te\u00a0 dotychczas istniej\u0105ce zostan\u0105 zlikwidowane. W miejscu gdzie teraz jest sk\u0142adowany piasek do budowy chodnika planowany jest parking na ok. 10 samochod\u00f3w.<\/p>\n<p>B\u0119dziemy \u015bledzi\u0107 wykonywane prace i na bie\u017c\u0105co informowa\u0107 o ich post\u0119pie mieszka\u0144c\u00f3w na naszej stronie.<strong><br \/>\n<\/strong><\/p>\n<p>Informacje te zosta\u0142y przekazane przez naszego so\u0142tysa. Kilka dni temu zwr\u00f3ci\u0142em si\u0119 do Urz\u0119du Gminy o ich potwierdzenie, niestety do dnia dzisiejszego nie dosta\u0142em \u017cadnej odpowiedzi.<\/p>\n<p style=\"text-align: justify;\">Etapy budowy chodnika mo\u017cna zobaczy\u0107 <a href=\"http:\/\/test.pieszkow.hostilla.pl\/?page_id=2305&amp;preview=true\"><span style=\"text-decoration: underline;\"><em><strong>tutaj<\/strong><\/em><\/span><\/a><\/p>\n<p style=\"text-align: center; font-size: 2em; margin-top: 0px;\"><span style=\"color: #993300;\">***********<\/span><\/p>\n<p style=\"text-align: left;\">01.07.2016<\/p>\n<p style=\"text-align: center;\"><em><span style=\"font-size: 18px;\"><span style=\"color: #000000;\">DZI\u0118KUJEMY ZA WSP\u00d3LNE KIBICOWANIE<br \/>\nPOLSKIEJ REPREZENTACJI<br \/>\nW TURNIEJU EURO 2016<br \/>\n<\/span> <\/span><\/em><\/p>\n<p style=\"text-align: center;\"><strong><strong style=\"text-align: justify;\"><a href=\"http:\/\/test.pieszkow.hostilla.pl\/wp-content\/uploads\/2016\/07\/Polska-na-Euro-2016.jpg\"><img loading=\"lazy\" decoding=\"async\" width=\"250\" height=\"141\" class=\"alignnone size-medium wp-image-2257\" src=\"http:\/\/test.pieszkow.hostilla.pl\/wp-content\/uploads\/2016\/07\/Polska-na-Euro-2016-250x141.jpg\" alt=\"Polska na Euro 2016\" srcset=\"http:\/\/test.pieszkow.hostilla.pl\/wp-content\/uploads\/2016\/07\/Polska-na-Euro-2016-250x141.jpg 250w, http:\/\/test.pieszkow.hostilla.pl\/wp-content\/uploads\/2016\/07\/Polska-na-Euro-2016-768x432.jpg 768w, http:\/\/test.pieszkow.hostilla.pl\/wp-content\/uploads\/2016\/07\/Polska-na-Euro-2016-700x394.jpg 700w, http:\/\/test.pieszkow.hostilla.pl\/wp-content\/uploads\/2016\/07\/Polska-na-Euro-2016-120x68.jpg 120w, http:\/\/test.pieszkow.hostilla.pl\/wp-content\/uploads\/2016\/07\/Polska-na-Euro-2016.jpg 1280w\" sizes=\"auto, (max-width: 250px) 100vw, 250px\" \/><\/a><br \/>\n<\/strong><\/strong><\/p>\n<p style=\"text-align: center;\"><strong><strong style=\"text-align: justify;\">\u00a0Wszystkim wiernym kibicom-mieszka\u0144com Pieszkowa, kt\u00f3rzy wielokrotnie mimo p\u00f3\u017anych godzin wieczornych tak licznie dopingowali polsk\u0105 reprezentacj\u0119 w naszej STREFIE KIBICA, bardzo dzi\u0119kujemy.<\/strong><\/strong><\/p>\n<p style=\"text-align: center;\">\u00a0<strong>Plany o wsp\u00f3lnym sp\u0119dzaniu wolnego czasu przy emocjonuj\u0105cych wydarzeniach sportowych zrealizowa\u0142y si\u0119. <\/strong><\/p>\n<p style=\"text-align: center;\"><strong>By\u0142a to nasza pierwsza impreza zainicjowana i zorganizowana od pocz\u0105tku do ko\u0144ca przez nas &#8211; mieszka\u0144c\u00f3w. Starania zmierzaj\u0105ce ku stworzeniu STREFY KIBICA rozpocz\u0119\u0142y si\u0119 ju\u017c we wrze\u015bniu 2015, kiedy to ca\u0142y sprz\u0119t do projekcji zosta\u0142 uj\u0119ty w bud\u017cecie So\u0142ectwa Pieszk\u00f3w na rok 2016. S\u0105dz\u0105c po emocjach i wra\u017ceniach po Euro 2016 wiemy, \u017ce pomys\u0142 by\u0142 trafiony, a zakupiony sprz\u0119t pos\u0142u\u017cy mieszka\u0144com jeszcze d\u0142ugo. Kibice czekaj\u0105 na kolejne rozgrywki <span style=\"color: #993300;\"> \ud83d\ude42<\/span> <\/strong><\/p>\n<p style=\"text-align: center;\"><strong>W tym miejscu nale\u017cy podzi\u0119kowa\u0107 Paniom: Katarzynie Grabowskiej i Annie Paliszkiewicz\u00a0 z O\u015brodka Kultury Gminy Lubin, kt\u00f3re pomog\u0142y nam w osi\u0105gni\u0119ciu tego celu. &#8211; Dzi\u0119kujemy<\/strong><\/p>\n<p style=\"text-align: center; font-size: 2em; margin-top: 0px;\"><span style=\"color: #993300;\">***********<\/span><\/p>\n<p style=\"text-align: center;\"><span style=\"text-decoration: underline;\"><em><strong>NASZA STREFA KIBICA NA EURO 2016<\/strong><\/em><\/span><\/p>\n<p style=\"text-align: left;\">01.07.2016<\/p>\n<p style=\"text-align: justify;\">Wczoraj polska reprezentacja pomimo \u015bwietnej gry odpad\u0142a z Euro 2016. Trudno, ale taki jest sport. My jednak byli\u015bmy z nimi do ko\u0144ca.<\/p>\n<p style=\"text-align: center;\"><a href=\"http:\/\/test.pieszkow.hostilla.pl\/wp-content\/uploads\/2016\/07\/DSC_0961.jpg\"><img loading=\"lazy\" decoding=\"async\" width=\"250\" height=\"166\" class=\"alignnone size-medium wp-image-2261\" src=\"http:\/\/test.pieszkow.hostilla.pl\/wp-content\/uploads\/2016\/07\/DSC_0961-250x166.jpg\" alt=\"DSC_0961\" srcset=\"http:\/\/test.pieszkow.hostilla.pl\/wp-content\/uploads\/2016\/07\/DSC_0961-250x166.jpg 250w, http:\/\/test.pieszkow.hostilla.pl\/wp-content\/uploads\/2016\/07\/DSC_0961-768x510.jpg 768w, http:\/\/test.pieszkow.hostilla.pl\/wp-content\/uploads\/2016\/07\/DSC_0961-700x465.jpg 700w, http:\/\/test.pieszkow.hostilla.pl\/wp-content\/uploads\/2016\/07\/DSC_0961-120x80.jpg 120w, http:\/\/test.pieszkow.hostilla.pl\/wp-content\/uploads\/2016\/07\/DSC_0961.jpg 800w\" sizes=\"auto, (max-width: 250px) 100vw, 250px\" \/><\/a><\/p>\n<p style=\"text-align: center;\"><a href=\"http:\/\/test.pieszkow.hostilla.pl\/?page_id=2274&amp;preview=true\"><span style=\"text-decoration: underline; color: #993300;\"><strong><em>Galeria zdj\u0119\u0107<\/em><\/strong><\/span><\/a><\/p>\n<p style=\"text-align: left;\">25.06.2016<\/p>\n<p style=\"text-align: center;\">Dobry mecz i niesamowite emocje. By\u0142y brawa i \u015bpiewy. Koniecznie obejrzyjcie galeri\u0119 zdj\u0119\u0107 z meczu Polska &#8211; Szwajcaria w 1\/8 fina\u0142u Euro 2016.<\/p>\n<p style=\"text-align: center;\"><a href=\"http:\/\/test.pieszkow.hostilla.pl\/wp-content\/uploads\/2016\/06\/DSC_0894.jpg\"><img loading=\"lazy\" decoding=\"async\" width=\"250\" height=\"166\" class=\"alignnone size-medium wp-image-2172\" src=\"http:\/\/test.pieszkow.hostilla.pl\/wp-content\/uploads\/2016\/06\/DSC_0894-250x166.jpg\" alt=\"DSC_0894\" srcset=\"http:\/\/test.pieszkow.hostilla.pl\/wp-content\/uploads\/2016\/06\/DSC_0894-250x166.jpg 250w, http:\/\/test.pieszkow.hostilla.pl\/wp-content\/uploads\/2016\/06\/DSC_0894-768x510.jpg 768w, http:\/\/test.pieszkow.hostilla.pl\/wp-content\/uploads\/2016\/06\/DSC_0894-700x465.jpg 700w, http:\/\/test.pieszkow.hostilla.pl\/wp-content\/uploads\/2016\/06\/DSC_0894-120x80.jpg 120w, http:\/\/test.pieszkow.hostilla.pl\/wp-content\/uploads\/2016\/06\/DSC_0894.jpg 800w\" sizes=\"auto, (max-width: 250px) 100vw, 250px\" \/><\/a><\/p>\n<p style=\"text-align: center;\"><a href=\"http:\/\/test.pieszkow.hostilla.pl\/?page_id=2203&amp;preview=true\"><span style=\"text-decoration: underline; color: #993300;\"><strong><em>Galeria zdj\u0119\u0107<\/em><\/strong><\/span><\/a><\/p>\n<p style=\"text-align: left;\">21.06.2016<\/p>\n<p style=\"text-align: center;\">Dzisiejszy sukces polskiej reprezentacji ogl\u0105dali\u015bmy wsp\u00f3lnie w naszej strefie kibica. Jak zwykle na mieszka\u0144c\u00f3w Pieszkowa mo\u017cna zawsze liczy\u0107.<\/p>\n<p style=\"text-align: center;\">W sobot\u0119 spodziewamy si\u0119 kompletu kibic\u00f3w<\/p>\n<p style=\"text-align: center;\"><a href=\"http:\/\/test.pieszkow.hostilla.pl\/wp-content\/uploads\/2016\/06\/DSC_0824.jpg\"><img loading=\"lazy\" decoding=\"async\" class=\"alignnone wp-image-2127 size-medium\" src=\"http:\/\/test.pieszkow.hostilla.pl\/wp-content\/uploads\/2016\/06\/DSC_0824-250x166.jpg\" alt=\"DSC_0824\" width=\"250\" height=\"166\" srcset=\"http:\/\/test.pieszkow.hostilla.pl\/wp-content\/uploads\/2016\/06\/DSC_0824-250x166.jpg 250w, http:\/\/test.pieszkow.hostilla.pl\/wp-content\/uploads\/2016\/06\/DSC_0824-768x510.jpg 768w, http:\/\/test.pieszkow.hostilla.pl\/wp-content\/uploads\/2016\/06\/DSC_0824-700x465.jpg 700w, http:\/\/test.pieszkow.hostilla.pl\/wp-content\/uploads\/2016\/06\/DSC_0824-120x80.jpg 120w, http:\/\/test.pieszkow.hostilla.pl\/wp-content\/uploads\/2016\/06\/DSC_0824.jpg 800w\" sizes=\"auto, (max-width: 250px) 100vw, 250px\" \/><\/a><\/p>\n<p style=\"text-align: center;\"><a href=\"http:\/\/test.pieszkow.hostilla.pl\/?page_id=2150&amp;preview=true\"><span style=\"text-decoration: underline; color: #993300;\"><strong><em>Galeria zdj\u0119\u0107<\/em><\/strong><\/span><\/a><\/p>\n<p style=\"text-align: left;\">17.06.2016<\/p>\n<p style=\"text-align: center;\">Pomimo p\u00f3\u017anej pory najwierniejsi kibice byli razem z nasz\u0105 reprezentacj\u0105 na meczu<\/p>\n<p style=\"text-align: center;\">Polska &#8211; Niemcy.<\/p>\n<p style=\"text-align: center;\">Emocji nie zabrak\u0142o do ostatniego gwizdka.<\/p>\n<p style=\"text-align: center;\"><a href=\"http:\/\/test.pieszkow.hostilla.pl\/wp-content\/uploads\/2016\/06\/DSC_0781.jpg\"><img loading=\"lazy\" decoding=\"async\" class=\"alignnone wp-image-2102 size-medium\" src=\"http:\/\/test.pieszkow.hostilla.pl\/wp-content\/uploads\/2016\/06\/DSC_0781-250x166.jpg\" alt=\"DSC_0781\" width=\"250\" height=\"166\" srcset=\"http:\/\/test.pieszkow.hostilla.pl\/wp-content\/uploads\/2016\/06\/DSC_0781-250x166.jpg 250w, http:\/\/test.pieszkow.hostilla.pl\/wp-content\/uploads\/2016\/06\/DSC_0781-768x510.jpg 768w, http:\/\/test.pieszkow.hostilla.pl\/wp-content\/uploads\/2016\/06\/DSC_0781-700x465.jpg 700w, http:\/\/test.pieszkow.hostilla.pl\/wp-content\/uploads\/2016\/06\/DSC_0781-120x80.jpg 120w, http:\/\/test.pieszkow.hostilla.pl\/wp-content\/uploads\/2016\/06\/DSC_0781.jpg 800w\" sizes=\"auto, (max-width: 250px) 100vw, 250px\" \/><\/a><\/p>\n<p style=\"text-align: center;\"><span style=\"text-decoration: underline; color: #993300;\"><strong><em><a style=\"color: #993300; text-decoration: underline;\" href=\"http:\/\/test.pieszkow.hostilla.pl\/?page_id=2105\">Galeria zdj\u0119\u0107<\/a><\/em><\/strong><\/span><\/p>\n<p style=\"text-align: center;\"><em><strong>a tak by\u0142o w niedziel\u0119 na meczu Polska &#8211; Irlandia P\u0142n.<\/strong><\/em><\/p>\n<p style=\"text-align: center;\"><a href=\"http:\/\/test.pieszkow.hostilla.pl\/wp-content\/uploads\/2016\/06\/strza\u0142ak-w-d\u00f3\u0142-147745_960_720-1.png\"><img loading=\"lazy\" decoding=\"async\" class=\"alignnone wp-image-2113\" src=\"http:\/\/test.pieszkow.hostilla.pl\/wp-content\/uploads\/2016\/06\/strza\u0142ak-w-d\u00f3\u0142-147745_960_720-1-150x150.png\" alt=\"strza\u0142ak w d\u00f3\u0142 147745_960_720\" width=\"73\" height=\"73\" srcset=\"http:\/\/test.pieszkow.hostilla.pl\/wp-content\/uploads\/2016\/06\/strza\u0142ak-w-d\u00f3\u0142-147745_960_720-1-150x150.png 150w, http:\/\/test.pieszkow.hostilla.pl\/wp-content\/uploads\/2016\/06\/strza\u0142ak-w-d\u00f3\u0142-147745_960_720-1-250x250.png 250w, http:\/\/test.pieszkow.hostilla.pl\/wp-content\/uploads\/2016\/06\/strza\u0142ak-w-d\u00f3\u0142-147745_960_720-1-700x700.png 700w, http:\/\/test.pieszkow.hostilla.pl\/wp-content\/uploads\/2016\/06\/strza\u0142ak-w-d\u00f3\u0142-147745_960_720-1-120x120.png 120w, http:\/\/test.pieszkow.hostilla.pl\/wp-content\/uploads\/2016\/06\/strza\u0142ak-w-d\u00f3\u0142-147745_960_720-1.png 720w\" sizes=\"auto, (max-width: 73px) 100vw, 73px\" \/><\/a><\/p>\n<p style=\"text-align: center;\">Znalaz\u0142a si\u0119 w Pieszkowie grupa wiernych kibic\u00f3w (i kibicek <span style=\"color: #993300;\">\ud83d\ude42<\/span>), oraz jeden czworon\u00f3g, kt\u00f3rzy<\/p>\n<p style=\"text-align: center;\">wczoraj dopingowali nasz\u0105 reprezentacj\u0119 na Euro 2016.<\/p>\n<p style=\"text-align: center;\"><a href=\"http:\/\/test.pieszkow.hostilla.pl\/wp-content\/uploads\/2016\/06\/DSC_0760.jpg\"><img loading=\"lazy\" decoding=\"async\" width=\"150\" height=\"150\" class=\"alignnone size-thumbnail wp-image-2066\" src=\"http:\/\/test.pieszkow.hostilla.pl\/wp-content\/uploads\/2016\/06\/DSC_0760-150x150.jpg\" alt=\"DSC_0760\" \/><\/a><\/p>\n<p style=\"text-align: center;\"><em><strong><a href=\"http:\/\/test.pieszkow.hostilla.pl\/?page_id=2080\"><span style=\"color: #993300;\">Galeria zdj\u0119\u0107<\/span><\/a><\/strong><\/em><\/p>\n<p style=\"text-align: center; font-size: 2em; margin-top: 0px;\"><span style=\"color: #993300;\">***********<\/span><\/p>\n<p style=\"text-align: left;\">11.06.2016<\/p>\n<p style=\"text-align: left;\"><a href=\"http:\/\/test.pieszkow.hostilla.pl\/wp-content\/uploads\/2016\/05\/festyn_rodzinny_2.jpg\"><img loading=\"lazy\" decoding=\"async\" class=\"wp-image-1753 size-medium aligncenter\" src=\"http:\/\/test.pieszkow.hostilla.pl\/wp-content\/uploads\/2016\/05\/festyn_rodzinny_2-250x188.jpg\" alt=\"festyn_rodzinny_2\" width=\"250\" height=\"188\" srcset=\"http:\/\/test.pieszkow.hostilla.pl\/wp-content\/uploads\/2016\/05\/festyn_rodzinny_2-250x188.jpg 250w, http:\/\/test.pieszkow.hostilla.pl\/wp-content\/uploads\/2016\/05\/festyn_rodzinny_2-120x90.jpg 120w, http:\/\/test.pieszkow.hostilla.pl\/wp-content\/uploads\/2016\/05\/festyn_rodzinny_2.jpg 640w\" sizes=\"auto, (max-width: 250px) 100vw, 250px\" \/><\/a><\/p>\n<p style=\"text-align: justify;\"><strong style=\"text-align: justify;\"><hr class=\"wc-shortcodes-spacing \" style=\"height: 10px\" \/> <\/strong>W dniu 11.06.2016 w Pieszkowie na placu zabaw odby\u0142 si\u0119 Festyn Rodzinny. W\u015br\u00f3d licznych gier i konkurs\u00f3w by\u0142o malowanie twarzy, zabawy na dmuchanych zje\u017cd\u017calniach, zabawy w basenie z pi\u0142kami, puszczanie baniek XXL. W zwi\u0105zku z tym, \u017ce pogoda dopisa\u0142a\u00a0 wszyscy bawili si\u0119 \u015bwietnie.<\/p>\n<p style=\"text-align: center;\">Zapraszamy w przysz\u0142ym roku<\/p>\n<p style=\"text-align: center;\"><a href=\"http:\/\/test.pieszkow.hostilla.pl\/?page_id=1934\"><em><span style=\"color: #993300;\"><strong>Galeria zdj\u0119\u0107 z festynu<\/strong><\/span><\/em><\/a><\/p>\n<p style=\"text-align: center; font-size: 2em; margin-top: 0px;\"><span style=\"color: #993300;\">***********<\/span><\/p>\n<p>10.06.2016<\/p>\n<p style=\"text-align: center;\"><span style=\"text-decoration: underline;\"><strong>PRACE NA \u015aWIETLICY PRZED EURO 2016<\/strong><\/span><\/p>\n<p style=\"text-align: justify;\"><strong style=\"text-align: justify;\"><hr class=\"wc-shortcodes-spacing \" style=\"height: 10px\" \/>Chcia\u0142bym bardzo podzi\u0119kowa\u0107:<\/strong><\/p>\n<p style=\"text-align: center;\"><strong>Stanis\u0142awowi Balcer<\/strong><\/p>\n<p style=\"text-align: center;\"><strong>Tomaszowi Plicha <\/strong><\/p>\n<p style=\"text-align: center;\"><strong>Henrykowi Tomczak<\/strong><\/p>\n<p>za pomoc w pracach przygotowuj\u0105cych nasz\u0105 \u015bwietlic\u0119 do Euro 2016. W dniu wczorajszym zainstalowali\u015bmy ekran. W sobot\u0119 ostatni etap prac. B\u0119dziemy podwiesza\u0107 projektor.<\/p>\n<p>Tak by\u0142o w czwartek<\/p>\n\n\t\t<style type=\"text\/css\">\n\t\t\t#gallery-5 {\n\t\t\t\tmargin: auto;\n\t\t\t}\n\t\t\t#gallery-5 .gallery-item {\n\t\t\t\tfloat: left;\n\t\t\t\tmargin-top: 10px;\n\t\t\t\ttext-align: center;\n\t\t\t\twidth: 33%;\n\t\t\t}\n\t\t\t#gallery-5 img {\n\t\t\t\tborder: 2px solid #cfcfcf;\n\t\t\t}\n\t\t\t#gallery-5 .gallery-caption {\n\t\t\t\tmargin-left: 0;\n\t\t\t}\n\t\t\t\/* see gallery_shortcode() in wp-includes\/media.php *\/\n\t\t<\/style>\n\t\t<div id='gallery-5' class='gallery galleryid-2282 gallery-columns-3 gallery-size-thumbnail'><dl class='gallery-item'>\n\t\t\t<dt class='gallery-icon landscape'>\n\t\t\t\t<a href='http:\/\/test.pieszkow.hostilla.pl\/wp-content\/uploads\/2016\/06\/DSC_0513.jpg'><img loading=\"lazy\" decoding=\"async\" width=\"150\" height=\"150\" src=\"http:\/\/test.pieszkow.hostilla.pl\/wp-content\/uploads\/2016\/06\/DSC_0513-150x150.jpg\" class=\"attachment-thumbnail size-thumbnail\" alt=\"\" \/><\/a>\n\t\t\t<\/dt><\/dl><dl class='gallery-item'>\n\t\t\t<dt class='gallery-icon landscape'>\n\t\t\t\t<a href='http:\/\/test.pieszkow.hostilla.pl\/wp-content\/uploads\/2016\/06\/DSC_0519.jpg'><img loading=\"lazy\" decoding=\"async\" width=\"150\" height=\"150\" src=\"http:\/\/test.pieszkow.hostilla.pl\/wp-content\/uploads\/2016\/06\/DSC_0519-150x150.jpg\" class=\"attachment-thumbnail size-thumbnail\" alt=\"\" \/><\/a>\n\t\t\t<\/dt><\/dl><dl class='gallery-item'>\n\t\t\t<dt class='gallery-icon landscape'>\n\t\t\t\t<a href='http:\/\/test.pieszkow.hostilla.pl\/wp-content\/uploads\/2016\/06\/DSC_0517.jpg'><img loading=\"lazy\" decoding=\"async\" width=\"150\" height=\"150\" src=\"http:\/\/test.pieszkow.hostilla.pl\/wp-content\/uploads\/2016\/06\/DSC_0517-150x150.jpg\" class=\"attachment-thumbnail size-thumbnail\" alt=\"\" \/><\/a>\n\t\t\t<\/dt><\/dl><br style=\"clear: both\" \/><dl class='gallery-item'>\n\t\t\t<dt class='gallery-icon landscape'>\n\t\t\t\t<a href='http:\/\/test.pieszkow.hostilla.pl\/wp-content\/uploads\/2016\/06\/DSC_0522.jpg'><img loading=\"lazy\" decoding=\"async\" width=\"150\" height=\"150\" src=\"http:\/\/test.pieszkow.hostilla.pl\/wp-content\/uploads\/2016\/06\/DSC_0522-150x150.jpg\" class=\"attachment-thumbnail size-thumbnail\" alt=\"\" \/><\/a>\n\t\t\t<\/dt><\/dl><dl class='gallery-item'>\n\t\t\t<dt class='gallery-icon landscape'>\n\t\t\t\t<a href='http:\/\/test.pieszkow.hostilla.pl\/wp-content\/uploads\/2016\/06\/DSC_0524.jpg'><img loading=\"lazy\" decoding=\"async\" width=\"150\" height=\"150\" src=\"http:\/\/test.pieszkow.hostilla.pl\/wp-content\/uploads\/2016\/06\/DSC_0524-150x150.jpg\" class=\"attachment-thumbnail size-thumbnail\" alt=\"\" aria-describedby=\"gallery-5-1927\" \/><\/a>\n\t\t\t<\/dt>\n\t\t\t\t<dd class='wp-caption-text gallery-caption' id='gallery-5-1927'>\n\t\t\t\tko\u0144cowy efekt\n\t\t\t\t<\/dd><\/dl>\n\t\t\t<br style='clear: both' \/>\n\t\t<\/div>\n\n<p>kiedy okaza\u0142o si\u0119, \u017ce uchwyt na projektor mo\u017ce nie dotrze\u0107 do nas na czas znale\u017ali\u015bmy wyj\u015bcie awaryjne. Na Tomka zawsze mo\u017cna liczy\u0107. Ale czy da\u0142by rad\u0119 tak przez 90 minut ? <strong> <span style=\"color: #993300;\">\ud83d\ude42<\/span><\/strong><\/p>\n\n\t\t<style type=\"text\/css\">\n\t\t\t#gallery-6 {\n\t\t\t\tmargin: auto;\n\t\t\t}\n\t\t\t#gallery-6 .gallery-item {\n\t\t\t\tfloat: left;\n\t\t\t\tmargin-top: 10px;\n\t\t\t\ttext-align: center;\n\t\t\t\twidth: 33%;\n\t\t\t}\n\t\t\t#gallery-6 img {\n\t\t\t\tborder: 2px solid #cfcfcf;\n\t\t\t}\n\t\t\t#gallery-6 .gallery-caption {\n\t\t\t\tmargin-left: 0;\n\t\t\t}\n\t\t\t\/* see gallery_shortcode() in wp-includes\/media.php *\/\n\t\t<\/style>\n\t\t<div id='gallery-6' class='gallery galleryid-2282 gallery-columns-3 gallery-size-thumbnail'><dl class='gallery-item'>\n\t\t\t<dt class='gallery-icon landscape'>\n\t\t\t\t<a href='http:\/\/test.pieszkow.hostilla.pl\/wp-content\/uploads\/2016\/06\/DSC_0525.jpg'><img loading=\"lazy\" decoding=\"async\" width=\"150\" height=\"150\" src=\"http:\/\/test.pieszkow.hostilla.pl\/wp-content\/uploads\/2016\/06\/DSC_0525-150x150.jpg\" class=\"attachment-thumbnail size-thumbnail\" alt=\"\" \/><\/a>\n\t\t\t<\/dt><\/dl><dl class='gallery-item'>\n\t\t\t<dt class='gallery-icon landscape'>\n\t\t\t\t<a href='http:\/\/test.pieszkow.hostilla.pl\/wp-content\/uploads\/2016\/06\/DSC_0526.jpg'><img loading=\"lazy\" decoding=\"async\" width=\"150\" height=\"150\" src=\"http:\/\/test.pieszkow.hostilla.pl\/wp-content\/uploads\/2016\/06\/DSC_0526-150x150.jpg\" class=\"attachment-thumbnail size-thumbnail\" alt=\"\" \/><\/a>\n\t\t\t<\/dt><\/dl>\n\t\t\t<br style='clear: both' \/>\n\t\t<\/div>\n\n<p>A tak by\u0142o w sobot\u0119<\/p>\n\n\t\t<style type=\"text\/css\">\n\t\t\t#gallery-7 {\n\t\t\t\tmargin: auto;\n\t\t\t}\n\t\t\t#gallery-7 .gallery-item {\n\t\t\t\tfloat: left;\n\t\t\t\tmargin-top: 10px;\n\t\t\t\ttext-align: center;\n\t\t\t\twidth: 33%;\n\t\t\t}\n\t\t\t#gallery-7 img {\n\t\t\t\tborder: 2px solid #cfcfcf;\n\t\t\t}\n\t\t\t#gallery-7 .gallery-caption {\n\t\t\t\tmargin-left: 0;\n\t\t\t}\n\t\t\t\/* see gallery_shortcode() in wp-includes\/media.php *\/\n\t\t<\/style>\n\t\t<div id='gallery-7' class='gallery galleryid-2282 gallery-columns-3 gallery-size-thumbnail'><dl class='gallery-item'>\n\t\t\t<dt class='gallery-icon landscape'>\n\t\t\t\t<a href='http:\/\/test.pieszkow.hostilla.pl\/wp-content\/uploads\/2016\/06\/DSC_0529.jpg'><img loading=\"lazy\" decoding=\"async\" width=\"150\" height=\"150\" src=\"http:\/\/test.pieszkow.hostilla.pl\/wp-content\/uploads\/2016\/06\/DSC_0529-150x150.jpg\" class=\"attachment-thumbnail size-thumbnail\" alt=\"\" \/><\/a>\n\t\t\t<\/dt><\/dl><dl class='gallery-item'>\n\t\t\t<dt class='gallery-icon landscape'>\n\t\t\t\t<a href='http:\/\/test.pieszkow.hostilla.pl\/wp-content\/uploads\/2016\/06\/DSC_0531.jpg'><img loading=\"lazy\" decoding=\"async\" width=\"150\" height=\"150\" src=\"http:\/\/test.pieszkow.hostilla.pl\/wp-content\/uploads\/2016\/06\/DSC_0531-150x150.jpg\" class=\"attachment-thumbnail size-thumbnail\" alt=\"\" \/><\/a>\n\t\t\t<\/dt><\/dl><dl class='gallery-item'>\n\t\t\t<dt class='gallery-icon landscape'>\n\t\t\t\t<a href='http:\/\/test.pieszkow.hostilla.pl\/wp-content\/uploads\/2016\/06\/DSC_0532.jpg'><img loading=\"lazy\" decoding=\"async\" width=\"150\" height=\"150\" src=\"http:\/\/test.pieszkow.hostilla.pl\/wp-content\/uploads\/2016\/06\/DSC_0532-150x150.jpg\" class=\"attachment-thumbnail size-thumbnail\" alt=\"\" \/><\/a>\n\t\t\t<\/dt><\/dl><br style=\"clear: both\" \/>\n\t\t<\/div>\n\n<p>A efekt b\u0119dziecie mogli oceni\u0107 sami w niedziel\u0119<\/p>\n<p style=\"text-align: center; font-size: 2em; margin-top: 0px;\"><span style=\"color: #993300;\">***********<\/span><\/p>\n<p>05.06.2016<\/p>\n<p style=\"text-align: center;\"><span style=\"text-decoration: underline;\"><strong>EURO 2016 NA \u015aWIETLICY W PIESZKOWIE<\/strong><\/span><\/p>\n<p style=\"text-align: center;\"><a href=\"http:\/\/test.pieszkow.hostilla.pl\/wp-content\/uploads\/2016\/06\/DSC2_0508.jpg\"><img loading=\"lazy\" decoding=\"async\" class=\"wp-image-1916 alignright\" src=\"http:\/\/test.pieszkow.hostilla.pl\/wp-content\/uploads\/2016\/06\/DSC2_0508-150x150.jpg\" alt=\"DSC2_0508\" width=\"172\" height=\"172\" \/><\/a><\/p>\n<p style=\"text-align: justify;\"><strong style=\"text-align: justify;\"><hr class=\"wc-shortcodes-spacing \" style=\"height: 10px\" \/><\/strong>W 99% zosta\u0142 zrealizowany cel jakim jest stworzenie strefy kibica na \u015bwietlicy w Pieszkowie. W sobot\u0119 zosta\u0142y zainstalowane anteny do odbioru telewizji satelitarnej jak i naziemnej cyfrowej. Wcze\u015bniej z funduszu so\u0142eckiego na rok 2016 zosta\u0142 zakupiony projektor oraz ekran o wymiarach 300x200cm. W tym tygodniu na \u015bwietlicy zostanie pod\u0142\u0105czony do u\u017cytku mieszka\u0144c\u00f3w internet. Naprawd\u0119 brakuje nam ju\u017c niewiele. Ten 1% stanowi\u0105 b\u0142ahostki, kt\u00f3re jednak zdecyduj\u0105 o pe\u0142nym sukcesie. W ich za\u0142atwieniu potrzebna b\u0119dzie jednak pomoc so\u0142tysa.<\/p>\n<p style=\"text-align: center;\"><strong><span style=\"text-decoration: underline;\">JEDNAK JU\u017b TERAZ CHCIA\u0141BYM BARDZO WSZYSTKICH ZAPROSI\u0106 DO WSP\u00d3LNEGO KIBICOWANIA<\/span><\/strong><\/p>\n<p style=\"text-align: left;\">Za kilka dni zostanie podany szczeg\u00f3\u0142owy program rozgrywanych mecz\u00f3w wraz z godzinami otwarcia \u015bwietlicy. Je\u017celi macie jakie\u015b pytania to prosz\u0119 kierowa\u0107 na adres podany w zak\u0142adce<strong> KONTAKT<\/strong><\/p>\n<p style=\"text-align: center; font-size: 2em; margin-top: 0px;\"><span style=\"color: #993300;\">***********<\/span><\/p>\n<p style=\"text-align: left;\">30.05.2016<\/p>\n<p style=\"text-align: center;\"><span style=\"text-decoration: underline;\"><strong>RUSZY\u0141A MODERNIZACJA STACJI UZDATNIANIA WODY W PIESZKOWIE<\/strong><\/span><\/p>\n<p style=\"text-align: center;\"><a href=\"http:\/\/test.pieszkow.hostilla.pl\/wp-content\/uploads\/2016\/05\/obieg-wody.jpg\"><img loading=\"lazy\" decoding=\"async\" class=\" wp-image-1896 alignright\" src=\"http:\/\/test.pieszkow.hostilla.pl\/wp-content\/uploads\/2016\/05\/obieg-wody-250x177.jpg\" alt=\"obieg-wody\" width=\"201\" height=\"142\" srcset=\"http:\/\/test.pieszkow.hostilla.pl\/wp-content\/uploads\/2016\/05\/obieg-wody-250x177.jpg 250w, http:\/\/test.pieszkow.hostilla.pl\/wp-content\/uploads\/2016\/05\/obieg-wody-768x543.jpg 768w, http:\/\/test.pieszkow.hostilla.pl\/wp-content\/uploads\/2016\/05\/obieg-wody-700x495.jpg 700w, http:\/\/test.pieszkow.hostilla.pl\/wp-content\/uploads\/2016\/05\/obieg-wody-120x85.jpg 120w\" sizes=\"auto, (max-width: 201px) 100vw, 201px\" \/><\/a><\/p>\n<p><strong style=\"text-align: justify;\"><hr class=\"wc-shortcodes-spacing \" style=\"height: 10px\" \/><\/strong><strong>Podj\u0119cie tych prac by\u0142o niezb\u0119dne, by poprawi\u0107 jako\u015b\u0107 lokalnych dostaw wody. Z inwestycji skorzystaj\u0105 tak\u017ce mieszka\u0144cy innych miejscowo\u015bci na terenie gminy Lubin. <\/strong><\/p>\n<p>Rozbudowa stacji w Pieszkowie ma na celu zabezpieczenia odpowiedniej ilo\u015bci wody w godzinach szczytu. Opr\u00f3cz Osieka chodzi r\u00f3wnie\u017c o inne miejscowo\u015bci zasilane przez t\u0119 stacj\u0119: Pieszk\u00f3w, Gorzelin, K\u0142opot\u00f3w, Raszow\u0105 i Raszow\u0105 Ma\u0142\u0105.<\/p>\n<p>W ramach tej inwestycji powstanie zbiornik do magazynowania wody uzdatnionej o pojemno\u015bci 200 m\u00b3 i przebudowana zostanie instalacja technologiczna stacji. Prace obejm\u0105 te\u017c przebudow\u0119 chodnik\u00f3w oraz placu manewrowego.<\/p>\n<p style=\"text-align: center; font-size: 2em; margin-top: 0px;\"><span style=\"color: #993300;\">***********<\/span><\/p>\n<p style=\"text-align: left;\">23.05.2016<\/p>\n<p style=\"text-align: center;\"><span style=\"text-decoration: underline;\"><strong>DZIE\u0143 MATKI W PIESZKOWIE <\/strong><\/span><\/p>\n<p style=\"text-align: center;\"><strong><hr class=\"wc-shortcodes-spacing \" style=\"height: 10px\" \/><\/strong>&#8222;Dzi\u0119kujemy, \u017ce w tym zabieganym i zwariowanym \u015bwiecie znalaz\u0142y\u015bcie czas na to, aby si\u0119 spotka\u0107 i wsp\u00f3lnie \u015bwi\u0119towa\u0107 ten pi\u0119kny dzie\u0144&#8221; &#8211; takimi s\u0142owami przedstawiciele Rady So\u0142eckiej oraz grupy Pieszkowianki przywitali wszystkie mamy obecne na spotkaniu. Uczestnik\u00f3w imprezy rozbawi\u0142y dzieci odpowiadaj\u0105ce na pytanie: &#8221; kto to jest mama?&#8221;, ale i nie obesz\u0142o si\u0119 bez wzrusze\u0144&#8230;<\/p>\n<p style=\"text-align: justify;\">By\u0142 moment kiedy obecne mamy opowiada\u0142y o swoich mamach, tak wi\u0119c by\u0142y i \u0142zy. Finalnie rozwa\u017cania na temat bycia mam\u0105 zamkn\u0119\u0142y si\u0119 w stwierdzeniu, \u017ce mam\u0105 si\u0119 jest od rana do wieczora, 24h na dob\u0119 i do ko\u0144ca swojego \u017cycia&#8230;<\/p>\n<p style=\"text-align: center;\"><span style=\"text-decoration: underline;\"><em><strong><a href=\"http:\/\/test.pieszkow.hostilla.pl\/?page_id=1861\">Galeria zdj\u0119\u0107 z imprezy<\/a><\/strong><\/em><\/span><\/p>\n<p style=\"text-align: center; font-size: 2em; margin-top: 0px;\"><span style=\"color: #993300;\">***********<\/span><\/p>\n<p style=\"text-align: left;\">23.05.2016<\/p>\n<p style=\"text-align: center;\"><span style=\"text-decoration: underline;\"><strong>SESJA RADY GMINY W PIESZKOWIE <\/strong><\/span><\/p>\n<p style=\"text-align: center;\"><a href=\"http:\/\/test.pieszkow.hostilla.pl\/wp-content\/uploads\/2016\/05\/8ccd2d7570b15b2ea0e7b68469e23e76_XS.jpg\"><img loading=\"lazy\" decoding=\"async\" width=\"100\" height=\"76\" class=\"size-full wp-image-1831 alignright\" src=\"http:\/\/test.pieszkow.hostilla.pl\/wp-content\/uploads\/2016\/05\/8ccd2d7570b15b2ea0e7b68469e23e76_XS.jpg\" alt=\"8ccd2d7570b15b2ea0e7b68469e23e76_XS\" \/><\/a><\/p>\n<p><strong><hr class=\"wc-shortcodes-spacing \" style=\"height: 10px\" \/><\/strong>W dniu 24.05.2016 o godz. 15.00 w \u015bwietlicy wiejskiej w Pieszkowie odb\u0119dzie si\u0119 sesja Rady Gminy Lubin<strong><br \/>\n<\/strong><\/p>\n<p style=\"text-align: center; font-size: 2em; margin-top: 0px;\"><span style=\"color: #993300;\">***********<\/span><\/p>\n<p style=\"text-align: left;\">21.05.2016<\/p>\n<p style=\"text-align: center;\"><span style=\"text-decoration: underline;\"><strong>E-FAKTURA ZA ZDALNY ODCZYT <\/strong><\/span><\/p>\n<p><strong><a href=\"http:\/\/test.pieszkow.hostilla.pl\/wp-content\/uploads\/2016\/05\/e-faktura.jpg\"><img loading=\"lazy\" decoding=\"async\" class=\"alignright wp-image-1817 \" src=\"http:\/\/test.pieszkow.hostilla.pl\/wp-content\/uploads\/2016\/05\/e-faktura-250x137.jpg\" alt=\"e-faktura\" width=\"193\" height=\"106\" srcset=\"http:\/\/test.pieszkow.hostilla.pl\/wp-content\/uploads\/2016\/05\/e-faktura-250x137.jpg 250w, http:\/\/test.pieszkow.hostilla.pl\/wp-content\/uploads\/2016\/05\/e-faktura-120x66.jpg 120w, http:\/\/test.pieszkow.hostilla.pl\/wp-content\/uploads\/2016\/05\/e-faktura.jpg 663w\" sizes=\"auto, (max-width: 193px) 100vw, 193px\" \/><\/a><\/strong><strong><hr class=\"wc-shortcodes-spacing \" style=\"height: 10px\" \/><\/strong>Gminny Zak\u0142ad Us\u0142ug Komunalnych i Mieszkaniowych w Ksi\u0119ginicach uruchamia zdalny odczyt wodomierzy. Uzupe\u0142nieniem tego rozwi\u0105zania s\u0105 elektronicznej faktury za dostaw\u0119 wody i odbi\u00f3r \u015bciek\u00f3w, z kt\u00f3rych b\u0119d\u0105 mogli mieszka\u0144cy gminy wiejskiej Lubin.<\/p>\n<p>Elektroniczna faktura zawiera takie same informacje i posiada tak\u0105 sam\u0105 moc prawn\u0105, jak faktura papierowa, wr\u0119czana do tej pory odbiorcy przez inkasenta. GZUKiM wprowadza jednak odczyty zdalne, montuj\u0105c u mieszka\u0144c\u00f3w wodomierze z nadajnikiem radiowym.<\/p>\n<p>\u2013 Pracownicy odczytuj\u0105cy tarcze wodomierzowe nie maj\u0105 bezpo\u015bredniego kontaktu z odbiorc\u0105 us\u0142ug. Dlatego, aby przyspieszy\u0107 dat\u0119 otrzymania faktury, zak\u0142ad udost\u0119pni\u0142 mo\u017cliwo\u015b\u0107 przesy\u0142ania faktury w wersji elektronicznej. Obecnie staramy si\u0119 rozpowszechni\u0107 informacj\u0119 w\u015br\u00f3d naszych klient\u00f3w o takiej mo\u017cliwo\u015bci otrzymywania faktury \u2013 m\u00f3wi Katarzyna Mazur-Babiarczyk \u2013 g\u0142\u00f3wny ksi\u0119gowy GZUKiM.<\/p>\n<p>Informacje na temat elektronicznej faktury mo\u017cna znale\u017a\u0107 na stronie<strong><span style=\"text-decoration: underline;\"><em> <a href=\"http:\/\/www.gzukim.pl\" target=\"_self\">www.gzukim.pl<\/a><\/em><\/span> <\/strong>lub uzyska\u0107 je bezpo\u015brednio u pracownik\u00f3w Biura Obs\u0142ugi Klienta zak\u0142adu. Korzystanie z e-faktury jest bezp\u0142atne.<\/p>\n<p style=\"text-align: center; font-size: 2em; margin-top: 0px;\"><span style=\"color: #993300;\">***********<\/span><\/p>\n<p style=\"text-align: left;\">19.05.2016<span style=\"text-decoration: underline;\"> <strong><br \/>\n<\/strong><\/span><\/p>\n<p style=\"text-align: center;\"><strong><span style=\"text-decoration: underline;\">UWAGA KLESZCZE !!!!!!!<\/span><\/strong><\/p>\n<p style=\"text-align: center;\"><strong>ZADBAJ O SWOJEGO PUPILA<\/strong><\/p>\n<p style=\"text-align: center;\"><a href=\"http:\/\/test.pieszkow.hostilla.pl\/wp-content\/uploads\/2016\/05\/pies-i-kot-2.jpg\"><img loading=\"lazy\" decoding=\"async\" width=\"150\" height=\"150\" class=\"size-thumbnail wp-image-1814 alignright\" src=\"http:\/\/test.pieszkow.hostilla.pl\/wp-content\/uploads\/2016\/05\/pies-i-kot-2-150x150.jpg\" alt=\"pies i kot\" srcset=\"http:\/\/test.pieszkow.hostilla.pl\/wp-content\/uploads\/2016\/05\/pies-i-kot-2-150x150.jpg 150w, http:\/\/test.pieszkow.hostilla.pl\/wp-content\/uploads\/2016\/05\/pies-i-kot-2-250x250.jpg 250w, http:\/\/test.pieszkow.hostilla.pl\/wp-content\/uploads\/2016\/05\/pies-i-kot-2-120x120.jpg 120w, http:\/\/test.pieszkow.hostilla.pl\/wp-content\/uploads\/2016\/05\/pies-i-kot-2.jpg 511w\" sizes=\"auto, (max-width: 150px) 100vw, 150px\" \/><\/a><\/p>\n<p style=\"text-align: center;\"><hr class=\"wc-shortcodes-spacing \" style=\"height: 10px\" \/>Uk\u0105szenie kleszcza to dla zwierzaka \u015bmiertelne zagro\u017cenie. Tygodniowo z tego powodu w polskich schroniskach ginie od kilku do nawet kilkudziesi\u0119ciu czworonog\u00f3w.<\/p>\n<p style=\"text-align: left;\">Tegoroczny atak tych paso\u017cyt\u00f3w to prawdziwa plaga, a sezon na nie potrwa a\u017c do jesieni. Tak obfity, jak tegoroczny, wysyp kleszczy to prawdziwa zmora dla wszystkich opiekun\u00f3w czworonog\u00f3w. Konsekwencje zbyt p\u00f3\u017anego wykrycia wczepienia si\u0119 tych paso\u017cyt\u00f3w w sk\u00f3r\u0119 mog\u0105 by\u0107 dla zwierz\u0105t naprawd\u0119 tragiczne. \u2013 Kluczowe jest kilkana\u015bcie pierwszych godzin od uk\u0105szenia, bo najwi\u0119ksze ryzyko zaka\u017cenia wyst\u0119puje w tej fazie picia krwi. To wtedy mo\u017ce bowiem doj\u015b\u0107 do transmisji zarazk\u00f3w \u2013 t\u0142umaczy dr n. wet. Tomasz Nowak z Praktyki Weterynaryjnej My Pet. \u2013 Choroby, jakie mog\u0105 dotkn\u0105\u0107 ugryzionego czworonoga, to mi\u0119dzy innymi borelioza, piroplazmoza, hepatozoonoza, hemobartoneloza, pora\u017cenie pokleszczowe, ehrlichioza czy anaplazmoza. Niestety wi\u0119kszo\u015b\u0107 z nich jest niezwykle gro\u017ana, a cz\u0119sto \u015bmiertelna \u2013 dodaje. Sytuacja jest niebezpieczna r\u00f3wnie\u017c ze wzgl\u0119du na to, \u017ce kleszcze stanowi\u0105 zagro\u017cenie nie tylko dla pupili, ale potrafi\u0105 si\u0119 te\u017c przemieszcza\u0107 i zmieni\u0107 \u017cywiciela na przyk\u0142ad na cz\u0142owieka.<\/p>\n<p style=\"text-align: center; font-size: 2em; margin-top: 0px;\"><span style=\"color: #993300;\">***********<\/span><\/p>\n<p style=\"text-align: left;\">19.05.2016<\/p>\n<p style=\"text-align: center;\"><span style=\"text-decoration: underline;\"><strong>NOWE ZASADY GOSPODAROWANIA BIOODPADAMI W GMINIE LUBIN<\/strong><\/span><\/p>\n<p><hr class=\"wc-shortcodes-spacing \" style=\"height: 10px\" \/>Drastyczny wzrost ilo\u015bci odbieranych odpad\u00f3w biodegradowalnych na terenie Gminy Lubin spowodowa\u0142 wprowadzenie ogranicze\u0144 w tym zakresie. Mieszka\u0144cy otrzymywa\u0107 b\u0119d\u0105 teraz cztery worki na miesi\u0105c, a nie jak dotychczas nielimitowan\u0105 ilo\u015b\u0107, poniewa\u017c doprowadza\u0142o to do absurd\u00f3w, za kt\u00f3re p\u0142aci\u0107 musieliby wszyscy. Bez zmiany zasad odbioru bioodpad\u00f3w \u2013podwy\u017cki by\u0142yby nieuniknione.<\/p>\n<p>\u2013 Rekordzi\u015bci gromadzili jednorazowo nawet po kilkadziesi\u0105t work\u00f3w odpad\u00f3w biodegardowalnych, takich przypadk\u00f3w jest wiele. Monitorowali\u015bmy sytuacj\u0119 od jesieni ubieg\u0142ego roku i wprowadzenie limitu ilo\u015bci wydawanych work\u00f3w wydaje si\u0119 najrozs\u0105dniejszym rozwi\u0105zaniem. W przeciwnym razie ceny odbioru odpad\u00f3w musia\u0142yby wzrosn\u0105\u0107, a do tego nie chcemy doprowadzi\u0107 \u2013 t\u0142umaczy Anna Marzec, kierownik Referatu Gospodarki Komunalnej i Ochrony \u015brodowiska Urz\u0119du Gminy w Lubinie.<\/p>\n<p><em>\u017ar\u00f3d\u0142o: Urz\u0105d Gminy Lubin<\/em><\/p>\n<p style=\"font-size: 2em; margin-top: 0px; text-align: center;\"><span style=\"color: #993300;\">\u00a0 ***********<\/span><\/p>\n<p style=\"text-align: left;\">17.05.2016<\/p>\n<p style=\"text-align: center;\"><strong><span style=\"text-decoration: underline;\">W GMINIE LUBIN ROZPOCZNIE DZIA\u0141ALNO\u015a\u0106 RADA SENIOR\u00d3W-NAB\u00d3R KANDYDAT\u00d3W<\/span><br \/>\n<\/strong><\/p>\n<p><hr class=\"wc-shortcodes-spacing \" style=\"height: 10px\" \/>Decyzj\u0119 o utworzeniu rady podj\u0119li gminni radni. Kandydat\u00f3w mo\u017cna zg\u0142asza\u0107 do ko\u0144ca maja.<\/p>\n<p>Do cel\u00f3w dzia\u0142alno\u015bci rady senior\u00f3w nale\u017c\u0105: integracja os\u00f3b starszych i zwi\u0119kszenie ich aktywno\u015bci w \u017cyciu spo\u0142eczno\u015bci lokalnej, profilaktyka i promocja zdrowia, zapobieganie wykluczeniu spo\u0142ecznemu i reprezentowanie interes\u00f3w senior\u00f3w wobec w\u0142adz samorz\u0105dowych.<\/p>\n<p>Kadencja pierwszej rady b\u0119dzie trwa\u0142a do ko\u0144ca obecnej kadencji rady gminy. Miejsce w niej zajmie 11 starszych mieszka\u0144c\u00f3w gminy. Kandydat\u00f3w mog\u0105 zg\u0142asza\u0107 sami seniorzy \u2013 w tym przypadku musi by\u0107 to grupa co najmniej pi\u0119tnastu os\u00f3b, mog\u0105ca zg\u0142osi\u0107 maksymalnie cztery kandydatury. Prawo do zg\u0142aszania potencjalnych cz\u0142onk\u00f3w rady maj\u0105 te\u017c podmioty dzia\u0142aj\u0105ce na rzecz senior\u00f3w \u2013 one mog\u0105 wskaza\u0107 nie wi\u0119cej ni\u017c dw\u00f3ch kandydat\u00f3w. Pisemne zg\u0142oszenia nale\u017cy sk\u0142ada\u0107 w Urz\u0119dzie Gminy Lubin do 31 maja do godziny 16.00.<\/p>\n<p>W przypadku, gdy zg\u0142oszonych zostanie wi\u0119cej, ni\u017c 11 kandydat\u00f3w, o tym, kto zasi\u0105dzie w radzie zadecyduj\u0105 wyniki losowania.<\/p>\n<p>Szczeg\u00f3\u0142owe informacje dost\u0119pne s\u0105 na stronie internetowej <span style=\"text-decoration: underline; color: #800000;\"><a style=\"color: #800000; text-decoration: underline;\" href=\"http:\/\/web.ug.lubin.pl\/new\/nabor-kandydatow-do-rady-seniorow-gminy-lubin\/\"><em>web.ug.lubin.pl\/new\/nabor-kandydatow-do-rady-seniorow-gminy-lubin\/ &#8211; link do strony<\/em> <\/a><\/span><\/p>\n<p style=\"font-size: 2em; margin-top: 0px; text-align: center;\"><span style=\"color: #993300;\">***********<\/span><\/p>\n<p style=\"text-align: left;\">04.05.2016<\/p>\n<p style=\"text-align: center;\">\u00a0\u00a0\u00a0\u00a0\u00a0\u00a0\u00a0 <span style=\"text-decoration: underline;\"><strong>Wielkie podzi\u0119kowania od so\u0142tysa<\/strong><\/span><\/p>\n<p style=\"text-align: right;\"><hr class=\"wc-shortcodes-spacing \" style=\"height: 10px\" \/>\u00a0\u00a0\u00a0\u00a0\u00a0 \u00a0 \u00a0 So\u0142tys bardzo dzi\u0119kuje osobom, kt\u00f3re w miesi\u0105cach stycze\u0144-luty 2016 roku pomaga\u0142y<\/p>\n<p style=\"text-align: center;\">w zorganizowaniu transportu jak i w rozprowadzaniu w\u015br\u00f3d mieszka\u0144c\u00f3w Pieszkowa<\/p>\n<p style=\"text-align: center;\">jab\u0142ek oraz marchewki.<\/p>\n<p style=\"text-align: center;\">W wyniku ich pomocy do mieszka\u0144c\u00f3w trafi\u0142o ponad 4 tony jab\u0142ek.<\/p>\n<p style=\"text-align: center;\">W szczeg\u00f3lno\u015bci podzi\u0119kowania nale\u017c\u0105 si\u0119 nast\u0119puj\u0105cym osobom:<\/p>\n<p style=\"text-align: center;\"><strong>Rembisz Irena<\/strong><\/p>\n<p style=\"text-align: center;\"><strong>Przyby\u0142 Henryk<\/strong><\/p>\n<p style=\"text-align: center;\"><strong>Przyby\u0142 Marek<\/strong><\/p>\n<p style=\"text-align: center;\"><strong>Godek Marian<\/strong><\/p>\n<p style=\"text-align: center;\"><strong>Kocemba Romek<\/strong><\/p>\n<p style=\"text-align: center;\"><strong>Cyrulak J\u00f3zef<\/strong><\/p>\n<p style=\"text-align: center;\"><strong>Tereba Jurek<\/strong><\/p>\n<p style=\"text-align: center; font-size: 2em; margin-top: 0px;\"><span style=\"color: #993300;\">***********<\/span><\/p>\n<p style=\"text-align: left;\"><strong><span style=\"text-decoration: underline;\">Obni\u017cono ceny za wynajem \u015bwietlic w gminie Lubin. Zmiana dotyczy wszystkich \u015bwietlic.<\/span> <\/strong><\/p>\n<p><hr class=\"wc-shortcodes-spacing \" style=\"height: 10px\" \/>Z obiekt\u00f3w mo\u017cna korzysta\u0107 bez podzia\u0142u, jak to mia\u0142o miejsce dotychczas, na sal\u0119 i kuchni\u0119. Stawki za poszczeg\u00f3lne pomieszczenia zosta\u0142y zsumowane i zmniejszone, a przy wynajmie obiektu na co najmniej dwa dni przyj\u0119to jeszcze ni\u017csz\u0105 stawk\u0119 za dzie\u0144. Zosta\u0142a r\u00f3wnie\u017c zmniejszona wysoko\u015b\u0107 kaucji z 500 na 300 z\u0142otych. Dodatkowo dla mieszka\u0144c\u00f3w gminy przyj\u0119to zni\u017ck\u0119 w wysoko\u015bci 10 proc.<\/p>\n<p>Ustalona zosta\u0142a r\u00f3wnie\u017c op\u0142ata rycza\u0142towa rekompensuj\u0105ca koszty utrzymania \u015bwietlic, zrealizowanych w ramach projekt\u00f3w unijnych.<\/p>\n<p>Ni\u017csze ceny wynajmu dla mieszka\u0144c\u00f3w gminy maj\u0105 zach\u0119ci\u0107 do cz\u0119stszego korzystania z obiekt\u00f3w wyremontowanych i wybudowanych na potrzeby lokalnych spo\u0142eczno\u015bci. Szczeg\u00f3\u0142owych informacji udziela O\u015brodek Kultury Gminy Lubin<\/p>\n<p style=\"text-align: center; font-size: 2em; margin-top: 0px;\"><span style=\"color: #993300;\">***********<\/span><\/p>\n","protected":false},"excerpt":{"rendered":"*********** 31.03.2017 DU\u017bE DOFINANSOWANIE NA WYMIAN\u0118 OKIEN W KO\u015aCIELE Kwot\u0105 a\u017c 70 tys. z\u0142. radni Gminy Lubin na zebraniu w dniu 30.03.2017 r. wsparli wymian\u0119 stolarki w naszym ko\u015bciele w Pieszkowie.Wniosek z\u0142o\u017cony przez ksi\u0119dza proboszcza opiewa\u0142 na du\u017co mniejsz\u0105 kwot\u0119. Tak du\u017ce dofinansowanie sta\u0142o si\u0119 mo\u017cliwe dzi\u0119ki zwi\u0119kszeniu przez Urz\u0105d Gminy Lubin z 300 tys&#8230;. <a class=\"view-article\" href=\"http:\/\/test.pieszkow.hostilla.pl\/?p=2282\">Czytaj ca\u0142o\u015b\u0107&#8230;<\/a>","protected":false},"author":1,"featured_media":0,"comment_status":"closed","ping_status":"closed","sticky":false,"template":"","format":"standard","meta":{"footnotes":""},"categories":[21],"tags":[],"class_list":["post-2282","post","type-post","status-publish","format-standard","hentry","category-archiwum-wiadomosci"],"_links":{"self":[{"href":"http:\/\/test.pieszkow.hostilla.pl\/index.php?rest_route=\/wp\/v2\/posts\/2282","targetHints":{"allow":["GET"]}}],"collection":[{"href":"http:\/\/test.pieszkow.hostilla.pl\/index.php?rest_route=\/wp\/v2\/posts"}],"about":[{"href":"http:\/\/test.pieszkow.hostilla.pl\/index.php?rest_route=\/wp\/v2\/types\/post"}],"author":[{"embeddable":true,"href":"http:\/\/test.pieszkow.hostilla.pl\/index.php?rest_route=\/wp\/v2\/users\/1"}],"replies":[{"embeddable":true,"href":"http:\/\/test.pieszkow.hostilla.pl\/index.php?rest_route=%2Fwp%2Fv2%2Fcomments&post=2282"}],"version-history":[{"count":21,"href":"http:\/\/test.pieszkow.hostilla.pl\/index.php?rest_route=\/wp\/v2\/posts\/2282\/revisions"}],"predecessor-version":[{"id":4027,"href":"http:\/\/test.pieszkow.hostilla.pl\/index.php?rest_route=\/wp\/v2\/posts\/2282\/revisions\/4027"}],"wp:attachment":[{"href":"http:\/\/test.pieszkow.hostilla.pl\/index.php?rest_route=%2Fwp%2Fv2%2Fmedia&parent=2282"}],"wp:term":[{"taxonomy":"category","embeddable":true,"href":"http:\/\/test.pieszkow.hostilla.pl\/index.php?rest_route=%2Fwp%2Fv2%2Fcategories&post=2282"},{"taxonomy":"post_tag","embeddable":true,"href":"http:\/\/test.pieszkow.hostilla.pl\/index.php?rest_route=%2Fwp%2Fv2%2Ftags&post=2282"}],"curies":[{"name":"wp","href":"https:\/\/api.w.org\/{rel}","templated":true}]}}