{"id":100,"date":"2016-04-18T13:20:52","date_gmt":"2016-04-18T11:20:52","guid":{"rendered":"http:\/\/test.pieszkow.hostilla.pl\/?p=100"},"modified":"2017-10-20T12:48:08","modified_gmt":"2017-10-20T10:48:08","slug":"rada-solecka","status":"publish","type":"post","link":"http:\/\/test.pieszkow.hostilla.pl\/?p=100","title":{"rendered":"RADA SO\u0141ECKA"},"content":{"rendered":"<p style=\"text-align: center;\"><strong>SK\u0141AD RADY SO\u0141ECKIEJ NA LATA 2015-2019<\/strong><\/p>\n<p style=\"text-align: center;\">\u00a0 \u00a0\u00a0\u00a0\u00a0 1.K\u0118DRO\u0143 KRYSTYNA &#8211; PRZEWODNICZ\u0104CA\u00a0\u00a0\u00a0\u00a0\u00a0 tel.kontaktowy 609-80-90-90<\/p>\n<p style=\"text-align: left;\">\u00a0\u00a0\u00a0\u00a0\u00a0\u00a0\u00a0\u00a0\u00a0\u00a0\u00a0\u00a0\u00a0\u00a0\u00a0\u00a0 \u00a0 2.TOMCZAK HENRYK<\/p>\n<p style=\"text-align: left;\">\u00a0\u00a0\u00a0\u00a0\u00a0\u00a0\u00a0\u00a0\u00a0\u00a0\u00a0\u00a0\u00a0\u00a0\u00a0\u00a0\u00a0\u00a0 3.GIMEL LEOKADIA<\/p>\n<p style=\"text-align: left;\">\u00a0\u00a0\u00a0\u00a0\u00a0\u00a0\u00a0\u00a0\u00a0\u00a0\u00a0\u00a0\u00a0\u00a0\u00a0\u00a0\u00a0\u00a0 4.BIDZI\u0143SKA ANNA<\/p>\n<p style=\"text-align: left;\"><span style=\"text-decoration: underline;\"><a href=\"http:\/\/test.pieszkow.hostilla.pl\/wp-content\/uploads\/2016\/05\/Statut-so\u0142ectwa-Pieszk\u00f3w.pdf\"><em><strong>Statut so\u0142ectwa Pieszk\u00f3w<\/strong><\/em><img loading=\"lazy\" decoding=\"async\" width=\"32\" height=\"32\" class=\"alignnone size-full wp-image-631\" src=\"http:\/\/test.pieszkow.hostilla.pl\/wp-content\/uploads\/2016\/04\/PDF_32x32.png\" alt=\"PDF_32x32\" \/><\/a><\/span><\/p>\n<p style=\"text-align: left;\"><em><u><a href=\"http:\/\/test.pieszkow.hostilla.pl\/wp-content\/uploads\/2016\/08\/Zadania-z-funduszu-so\u0142eckiego-na-rok-2016.pdf\"><strong>Zadania z funduszu so\u0142eckiego na rok 2016<\/strong> <img loading=\"lazy\" decoding=\"async\" width=\"32\" height=\"32\" class=\"alignnone size-full wp-image-631\" src=\"http:\/\/test.pieszkow.hostilla.pl\/wp-content\/uploads\/2016\/04\/PDF_32x32.png\" alt=\"PDF_32x32\" \/><\/a><br \/>\n<\/u><\/em><\/p>\n<p style=\"text-align: left;\"><a href=\"http:\/\/test.pieszkow.hostilla.pl\/wp-content\/uploads\/2017\/01\/Zadania-do-realizacji-z-funduszu-so\u0142eckiego-na-rok-2017.pdf\"><em><u><strong>Zadania z funduszu so\u0142eckiego na rok 2017<\/strong> <img loading=\"lazy\" decoding=\"async\" width=\"32\" height=\"32\" class=\"alignnone size-full wp-image-631\" src=\"http:\/\/test.pieszkow.hostilla.pl\/wp-content\/uploads\/2016\/04\/PDF_32x32.png\" alt=\"PDF_32x32\" \/><\/u><\/em><\/a><\/p>\n<p><a href=\"http:\/\/test.pieszkow.hostilla.pl\/?page_id=4461\"><strong><em><u>Zebranie Wiejskie So\u0142ectwa Pieszk\u00f3w dotycz\u0105ce podzia\u0142u funduszu na rok 2018.<\/u> <\/em><\/strong><\/a><\/p>\n<p style=\"text-align: center; font-size: 2em; margin-top: 0px;\"><span style=\"color: #993300;\">***********<\/span><\/p>\n","protected":false},"excerpt":{"rendered":"SK\u0141AD RADY SO\u0141ECKIEJ NA LATA 2015-2019 \u00a0 \u00a0\u00a0\u00a0\u00a0 1.K\u0118DRO\u0143 KRYSTYNA &#8211; PRZEWODNICZ\u0104CA\u00a0\u00a0\u00a0\u00a0\u00a0 tel.kontaktowy 609-80-90-90 \u00a0\u00a0\u00a0\u00a0\u00a0\u00a0\u00a0\u00a0\u00a0\u00a0\u00a0\u00a0\u00a0\u00a0\u00a0\u00a0 \u00a0 2.TOMCZAK HENRYK \u00a0\u00a0\u00a0\u00a0\u00a0\u00a0\u00a0\u00a0\u00a0\u00a0\u00a0\u00a0\u00a0\u00a0\u00a0\u00a0\u00a0\u00a0 3.GIMEL LEOKADIA \u00a0\u00a0\u00a0\u00a0\u00a0\u00a0\u00a0\u00a0\u00a0\u00a0\u00a0\u00a0\u00a0\u00a0\u00a0\u00a0\u00a0\u00a0 4.BIDZI\u0143SKA ANNA Statut so\u0142ectwa Pieszk\u00f3w Zadania z funduszu so\u0142eckiego na rok 2016 Zadania z funduszu so\u0142eckiego na rok 2017 Zebranie Wiejskie So\u0142ectwa Pieszk\u00f3w dotycz\u0105ce podzia\u0142u funduszu na rok 2018. ***********","protected":false},"author":1,"featured_media":0,"comment_status":"closed","ping_status":"closed","sticky":false,"template":"","format":"standard","meta":{"footnotes":""},"categories":[8],"tags":[],"class_list":["post-100","post","type-post","status-publish","format-standard","hentry","category-rada-solecka"],"_links":{"self":[{"href":"http:\/\/test.pieszkow.hostilla.pl\/index.php?rest_route=\/wp\/v2\/posts\/100","targetHints":{"allow":["GET"]}}],"collection":[{"href":"http:\/\/test.pieszkow.hostilla.pl\/index.php?rest_route=\/wp\/v2\/posts"}],"about":[{"href":"http:\/\/test.pieszkow.hostilla.pl\/index.php?rest_route=\/wp\/v2\/types\/post"}],"author":[{"embeddable":true,"href":"http:\/\/test.pieszkow.hostilla.pl\/index.php?rest_route=\/wp\/v2\/users\/1"}],"replies":[{"embeddable":true,"href":"http:\/\/test.pieszkow.hostilla.pl\/index.php?rest_route=%2Fwp%2Fv2%2Fcomments&post=100"}],"version-history":[{"count":46,"href":"http:\/\/test.pieszkow.hostilla.pl\/index.php?rest_route=\/wp\/v2\/posts\/100\/revisions"}],"predecessor-version":[{"id":4637,"href":"http:\/\/test.pieszkow.hostilla.pl\/index.php?rest_route=\/wp\/v2\/posts\/100\/revisions\/4637"}],"wp:attachment":[{"href":"http:\/\/test.pieszkow.hostilla.pl\/index.php?rest_route=%2Fwp%2Fv2%2Fmedia&parent=100"}],"wp:term":[{"taxonomy":"category","embeddable":true,"href":"http:\/\/test.pieszkow.hostilla.pl\/index.php?rest_route=%2Fwp%2Fv2%2Fcategories&post=100"},{"taxonomy":"post_tag","embeddable":true,"href":"http:\/\/test.pieszkow.hostilla.pl\/index.php?rest_route=%2Fwp%2Fv2%2Ftags&post=100"}],"curies":[{"name":"wp","href":"https:\/\/api.w.org\/{rel}","templated":true}]}}